{"id":67405,"date":"2023-05-01T06:01:21","date_gmt":"2023-05-01T04:01:21","guid":{"rendered":"https:\/\/radiokfor.com\/1\/?p=67405"},"modified":"2023-04-26T11:36:19","modified_gmt":"2023-04-26T09:36:19","slug":"8-ore-pune-8-ore-argetim-dhe-8-ore-gjume","status":"publish","type":"post","link":"https:\/\/radiokfor.com\/1\/8-ore-pune-8-ore-argetim-dhe-8-ore-gjume\/","title":{"rendered":"8 or\u00eb pun\u00eb, 8 or\u00eb arg\u00ebtim dhe 8 or\u00eb gjum\u00eb"},"content":{"rendered":"<p>Data e sotme 1 maj, i \u00ebsht\u00eb ndar\u00eb sh\u00ebnimit t\u00eb \u201cDit\u00ebs Nd\u00ebrkomb\u00ebtare t\u00eb Pun\u00ebtor\u00ebve\u201d, nj\u00eb l\u00ebvizje q\u00eb lindi nga lufta e pun\u00ebtor\u00ebve p\u00ebr t\u00eb k\u00ebrkuar dhe siguruar t\u00eb drejtat dhe kushtet e pun\u00ebs e t\u00eb jetes\u00ebs. <strong>\u201c<\/strong>8 or\u00eb pun\u00eb, 8 or\u00eb arg\u00ebtim dhe 8 or\u00eb gjum\u00eb\u201d, \u00ebsht\u00eb slogani q\u00eb p\u00ebrfaq\u00ebson k\u00ebrkesat e pun\u00ebtor\u00ebve, nj\u00eb k\u00ebrkes\u00eb e cila s\u00eb pari \u00ebsht\u00eb paraqitur n\u00eb Australi gjat\u00eb vitit 1885.<\/p>\n<p>Sh\u00ebnimi i 1 Majit, nd\u00ebr t\u00eb tjera lidhet edhe me protestat e p\u00ebrgjithshme t\u00eb dhjet\u00ebra mij\u00ebra pun\u00ebtor\u00ebve t\u00eb fabrikave t\u00eb \u00c7ikagos n\u00eb Amerik\u00eb, t\u00eb cilat ishin organizuar m\u00eb 1 maj, t\u00eb vitit 1886. Pastaj nj\u00eb vit m\u00eb von\u00eb, m\u00eb 1 maj t\u00eb 1887-t\u00ebs, u b\u00eb nj\u00eb manifestimi masiv dhe madh\u00ebshtor n\u00eb t\u00eb nj\u00ebjtin qytet. K\u00ebshtu ka filluar sh\u00ebnimi i \u201cDit\u00ebs Nd\u00ebrkomb\u00ebtare t\u00eb Pun\u00ebtor\u00ebve\u201d, dit\u00eb kjo e cila nd\u00ebr vite u p\u00ebrqafua nga miliona pun\u00ebtor\u00eb, gjithandej globit. Sot, 1 Maji kremtohet gjithandej si dit\u00eb n\u00eb t\u00eb cil\u00ebn vihen n\u00eb pah lirit\u00eb e pun\u00ebtor\u00ebve, t\u00eb drejtat, kushtet e pun\u00ebs, rroga mesatare e garantuar, pushimi ditor, javor, vjetor dhe pushimet tjera sipas nevoj\u00ebs, p\u00ebr t\u00eb gjith\u00eb pun\u00ebtor\u00ebt.\u00a0 N\u00eb k\u00ebt\u00eb dit\u00eb, organizohen fushata n\u00eb gjith\u00eb bot\u00ebn, p\u00ebr tu solidarizuar edhe me vendet, ku punonj\u00ebsit nuk trajtohen si duhet. Nj\u00eb nga \u00e7\u00ebshtjet m\u00eb t\u00eb r\u00ebnd\u00ebsishme t\u00eb ngritura n\u00eb vitet e fundit, \u00ebsht\u00eb detyrimi i f\u00ebmij\u00ebve p\u00ebr t\u00eb punuar, e q\u00eb mbrohet nga \u2018Konventa p\u00ebr t\u00eb Drejtat e F\u00ebmij\u00ebve\u2019, por q\u00eb abuzohet dhe nuk respektohet n\u00eb shum\u00eb vende t\u00eb bot\u00ebs.<\/p>\n","protected":false},"excerpt":{"rendered":"<p>Data e sotme 1 maj, i \u00ebsht\u00eb ndar\u00eb sh\u00ebnimit t\u00eb \u201cDit\u00ebs Nd\u00ebrkomb\u00ebtare t\u00eb Pun\u00ebtor\u00ebve\u201d, nj\u00eb l\u00ebvizje q\u00eb lindi nga lufta e pun\u00ebtor\u00ebve p\u00ebr t\u00eb k\u00ebrkuar dhe siguruar t\u00eb drejtat dhe kushtet e pun\u00ebs e t\u00eb jetes\u00ebs. \u201c8 or\u00eb pun\u00eb, 8 or\u00eb arg\u00ebtim dhe 8 or\u00eb gjum\u00eb\u201d, \u00ebsht\u00eb slogani q\u00eb p\u00ebrfaq\u00ebson k\u00ebrkesat e pun\u00ebtor\u00ebve, nj\u00eb k\u00ebrkes\u00eb&hellip;<\/p>\n","protected":false},"author":3,"featured_media":67406,"comment_status":"closed","ping_status":"closed","sticky":false,"template":"","format":"standard","meta":{"_monsterinsights_skip_tracking":false,"_monsterinsights_sitenote_active":false,"_monsterinsights_sitenote_note":"","_monsterinsights_sitenote_category":0,"footnotes":""},"categories":[2],"tags":[],"class_list":["post-67405","post","type-post","status-publish","format-standard","has-post-thumbnail","hentry","category-news","category-2","description-off"],"_links":{"self":[{"href":"https:\/\/radiokfor.com\/1\/wp-json\/wp\/v2\/posts\/67405","targetHints":{"allow":["GET"]}}],"collection":[{"href":"https:\/\/radiokfor.com\/1\/wp-json\/wp\/v2\/posts"}],"about":[{"href":"https:\/\/radiokfor.com\/1\/wp-json\/wp\/v2\/types\/post"}],"author":[{"embeddable":true,"href":"https:\/\/radiokfor.com\/1\/wp-json\/wp\/v2\/users\/3"}],"replies":[{"embeddable":true,"href":"https:\/\/radiokfor.com\/1\/wp-json\/wp\/v2\/comments?post=67405"}],"version-history":[{"count":2,"href":"https:\/\/radiokfor.com\/1\/wp-json\/wp\/v2\/posts\/67405\/revisions"}],"predecessor-version":[{"id":67408,"href":"https:\/\/radiokfor.com\/1\/wp-json\/wp\/v2\/posts\/67405\/revisions\/67408"}],"wp:featuredmedia":[{"embeddable":true,"href":"https:\/\/radiokfor.com\/1\/wp-json\/wp\/v2\/media\/67406"}],"wp:attachment":[{"href":"https:\/\/radiokfor.com\/1\/wp-json\/wp\/v2\/media?parent=67405"}],"wp:term":[{"taxonomy":"category","embeddable":true,"href":"https:\/\/radiokfor.com\/1\/wp-json\/wp\/v2\/categories?post=67405"},{"taxonomy":"post_tag","embeddable":true,"href":"https:\/\/radiokfor.com\/1\/wp-json\/wp\/v2\/tags?post=67405"}],"curies":[{"name":"wp","href":"https:\/\/api.w.org\/{rel}","templated":true}]}}