{"id":66774,"date":"2023-03-09T16:30:39","date_gmt":"2023-03-09T15:30:39","guid":{"rendered":"https:\/\/radiokfor.com\/1\/?p=66774"},"modified":"2023-03-09T16:30:39","modified_gmt":"2023-03-09T15:30:39","slug":"kfor-i-i-dhuron-pajisje-te-rendesishme-njesise-se-zjarrfikesve-ne-drenas","status":"publish","type":"post","link":"https:\/\/radiokfor.com\/1\/kfor-i-i-dhuron-pajisje-te-rendesishme-njesise-se-zjarrfikesve-ne-drenas\/","title":{"rendered":"KFOR-i i dhuron pajisje t\u00eb r\u00ebnd\u00ebsishme, nj\u00ebsis\u00eb s\u00eb zjarrfik\u00ebsve n\u00eb Drenas"},"content":{"rendered":"<p>N\u00eb sh\u00ebrbimin zjarrfik\u00ebs, p\u00ebr t\u00eb luftuar kund\u00ebr zjarrit, q\u00ebndrojn\u00eb persona, t\u00eb cil\u00ebt me vet\u00ebmohim e v\u00ebn\u00eb jet\u00ebn e tyre n\u00eb rrezik, p\u00ebr t\u00eb shuar zjarre, me t\u00eb vetmin mision, shp\u00ebtimin e jet\u00ebs s\u00eb njeriut. Por, p\u00ebr ta realizuar k\u00ebt\u00eb mision jetik, atyre u nevojiten pajisje adekuate, t\u00eb cilat do t\u00eb ju leht\u00ebsonin k\u00ebt\u00eb proces, sa t\u00eb v\u00ebshtir\u00eb, aq edhe t\u00eb rreziksh\u00ebm.<\/p>\n<p>P\u00ebr t\u00eb dhurimin e k\u00ebtij donacioni t\u00eb r\u00ebnd\u00ebsish\u00ebm p\u00ebr nj\u00ebsin\u00eb e zjarrfik\u00ebsve n\u00eb Drenas, foli z\u00ebvend\u00ebs komandanti i Komand\u00ebs Rajonale-Lindje, Koloneli, \u00d6zg\u00fcr \u00d6zgeng: <em>\u201cSot, \u00ebsht\u00eb nj\u00eb mund\u00ebsi e shk\u00eblqyer p\u00ebr t\u00eb festuar partneritetin ton\u00eb, n\u00eb mes t\u00eb komunitetit vendor dhe KFOR-it. \u00cbsht\u00eb nj\u00eb privilegj t\u00eb punojm\u00eb s\u00eb bashku, p\u00ebr t\u00eb rritur aft\u00ebsit\u00eb e brigad\u00ebs s\u00eb zjarrfik\u00ebsve, n\u00eb ofrimin e sh\u00ebrbimeve t\u00eb reagimit emergjent, p\u00ebr sigurin\u00eb e popullat\u00ebs lokale. Kam k\u00ebnaq\u00ebsin\u00eb t\u00eb njoftoj se kemi qen\u00eb n\u00eb gjendje t\u00eb ofrojm\u00eb nj\u00eb kompresor q\u00eb do t\u00eb p\u00ebrmir\u00ebsoj\u00eb aft\u00ebsit\u00eb e Brigad\u00ebs s\u00eb Zjarrfik\u00ebsve, n\u00eb Drenas. KFOR-i \u00ebsht\u00eb gjithmon\u00eb i gatsh\u00ebm t\u00eb ndihmoj\u00eb, p\u00ebr t\u00eb p\u00ebrmir\u00ebsuar performanc\u00ebn e reaguesve t\u00eb par\u00eb\u201d,<\/em> theksoi Kolonel, \u00d6zg\u00fcr \u00d6zgeng.<\/p>\n<p>N\u00eb pranimin e k\u00ebtij donacioni, i pranish\u00ebm ishte edhe kryetari i k\u00ebsaj komune, z. Ramiz Lladrovci, i cili n\u00ebnvizoi: <em>\u201cKjo pajisje do t\u2019i sh\u00ebrbej\u00eb nj\u00ebsis\u00eb s\u00eb zjarrfik\u00ebsve n\u00eb shp\u00ebtimin e jet\u00ebve t\u00eb t\u00eb gjith\u00eb banor\u00ebve t\u00eb Drenasit. Prandaj i shpreh mir\u00ebnjohjen dhe fal\u00ebnderimin tim KFOR-it, q\u00eb \u00ebsht\u00eb gjithmon\u00eb i gatsh\u00ebm t\u00eb jet\u00eb pran\u00eb nesh, duke u p\u00ebrgjigjur ndaj k\u00ebrkesave tona, p\u00ebr mir\u00ebqenien dhe sigurin\u00eb e t\u00eb gjith\u00ebve\u201d,<\/em> tha kryetari Lladrovci, i cili n\u00eb shenj\u00eb mir\u00ebnjohjeje ndaj k\u00ebtij donacioni, i dhuroi edhe nj\u00eb mir\u00ebnjohje kolonelit, \u00d6zg\u00fcr \u00d6zgeng.<\/p>\n<p>Fal\u00ebnderues p\u00ebr k\u00ebt\u00eb donacion dhe p\u00ebr gatishm\u00ebrin\u00eb e KFOR-it, p\u00ebr t\u00eb ndihmuar n\u00eb vazhdim\u00ebsi popullat\u00ebn vendase, u shpreh edhe komandanti i Nj\u00ebsis\u00eb s\u00eb Zjarrfik\u00ebsve t\u00eb Kosov\u00ebs, z. Afrim Gjeli, i cili tha: <em>\u201cP\u00ebrmes k\u00ebtij donacioni material, zjarrfik\u00ebsit e Drenasit dhe komuniteti fqinj kan\u00eb fituar kapacitet si n\u00eb koh\u00eb ashtu edhe n\u00eb resurse. Popullsia lokale, \u00ebsht\u00eb m\u00eb e sigurt n\u00eb jet\u00ebn e tyre t\u00eb p\u00ebrditshme, p\u00ebr shkak t\u00eb p\u00ebrpjekjeve t\u00eb zjarrfik\u00ebsve, personelit t\u00eb siguris\u00eb dhe sh\u00ebrbimeve t\u00eb tjera t\u00eb reagimit ndaj emergjencave. Dje, sot dhe nes\u00ebr, ne p\u00ebrgjithmon\u00eb do t\u00eb jemi fal\u00ebnderues ndaj KFOR-it, p\u00ebr ndihm\u00ebn e tyre t\u00eb pakursyer.\u201d<\/em><\/p>\n<p>KFOR-i \u00ebsht\u00eb plot\u00ebsisht i p\u00ebrkushtuar p\u00ebr t\u00eb mb\u00ebshtetur n\u00eb m\u00ebnyr\u00eb t\u00eb paanshme t\u00eb gjitha komunitetet, reaguesit e par\u00eb, autoritetet lokale dhe institucionet n\u00eb mbar\u00eb Kosov\u00ebn.<\/p>\n","protected":false},"excerpt":{"rendered":"<p>N\u00eb sh\u00ebrbimin zjarrfik\u00ebs, p\u00ebr t\u00eb luftuar kund\u00ebr zjarrit, q\u00ebndrojn\u00eb persona, t\u00eb cil\u00ebt me vet\u00ebmohim e v\u00ebn\u00eb jet\u00ebn e tyre n\u00eb rrezik, p\u00ebr t\u00eb shuar zjarre, me t\u00eb vetmin mision, shp\u00ebtimin e jet\u00ebs s\u00eb njeriut. Por, p\u00ebr ta realizuar k\u00ebt\u00eb mision jetik, atyre u nevojiten pajisje adekuate, t\u00eb cilat do t\u00eb ju leht\u00ebsonin k\u00ebt\u00eb proces, sa&hellip;<\/p>\n","protected":false},"author":3,"featured_media":66775,"comment_status":"closed","ping_status":"closed","sticky":false,"template":"","format":"standard","meta":{"_monsterinsights_skip_tracking":false,"_monsterinsights_sitenote_active":false,"_monsterinsights_sitenote_note":"","_monsterinsights_sitenote_category":0,"footnotes":""},"categories":[2],"tags":[],"class_list":["post-66774","post","type-post","status-publish","format-standard","has-post-thumbnail","hentry","category-news","category-2","description-off"],"_links":{"self":[{"href":"https:\/\/radiokfor.com\/1\/wp-json\/wp\/v2\/posts\/66774","targetHints":{"allow":["GET"]}}],"collection":[{"href":"https:\/\/radiokfor.com\/1\/wp-json\/wp\/v2\/posts"}],"about":[{"href":"https:\/\/radiokfor.com\/1\/wp-json\/wp\/v2\/types\/post"}],"author":[{"embeddable":true,"href":"https:\/\/radiokfor.com\/1\/wp-json\/wp\/v2\/users\/3"}],"replies":[{"embeddable":true,"href":"https:\/\/radiokfor.com\/1\/wp-json\/wp\/v2\/comments?post=66774"}],"version-history":[{"count":1,"href":"https:\/\/radiokfor.com\/1\/wp-json\/wp\/v2\/posts\/66774\/revisions"}],"predecessor-version":[{"id":66776,"href":"https:\/\/radiokfor.com\/1\/wp-json\/wp\/v2\/posts\/66774\/revisions\/66776"}],"wp:featuredmedia":[{"embeddable":true,"href":"https:\/\/radiokfor.com\/1\/wp-json\/wp\/v2\/media\/66775"}],"wp:attachment":[{"href":"https:\/\/radiokfor.com\/1\/wp-json\/wp\/v2\/media?parent=66774"}],"wp:term":[{"taxonomy":"category","embeddable":true,"href":"https:\/\/radiokfor.com\/1\/wp-json\/wp\/v2\/categories?post=66774"},{"taxonomy":"post_tag","embeddable":true,"href":"https:\/\/radiokfor.com\/1\/wp-json\/wp\/v2\/tags?post=66774"}],"curies":[{"name":"wp","href":"https:\/\/api.w.org\/{rel}","templated":true}]}}