{"id":66683,"date":"2023-03-02T14:10:03","date_gmt":"2023-03-02T13:10:03","guid":{"rendered":"https:\/\/radiokfor.com\/1\/?p=66683"},"modified":"2023-03-03T08:32:06","modified_gmt":"2023-03-03T07:32:06","slug":"rendesi-e-shendetit-mendor-tek-adoleshentet","status":"publish","type":"post","link":"https:\/\/radiokfor.com\/1\/rendesi-e-shendetit-mendor-tek-adoleshentet\/","title":{"rendered":"R\u00ebnd\u00ebsia e sh\u00ebndetit mendor tek adoleshent\u00ebt"},"content":{"rendered":"<p>\u2018Dita Bot\u00ebrore e Sh\u00ebndetit Mendor t\u00eb Adoleshent\u00ebve\u2019 sh\u00ebnohet sot (02.03.23), n\u00eb t\u00eb gjith\u00eb globin. N\u00ebp\u00ebrmes aktiviteteve e fushatave t\u00eb shumta n\u00eb bot\u00eb, kjo dit\u00eb synon t\u00eb rris\u00eb nd\u00ebrgjegj\u00ebsimin p\u00ebr problemet e sh\u00ebndetit mendor, me t\u00eb cilat p\u00ebrballen adoleshent\u00ebt. Sipas Shoqat\u00ebs Amerikane t\u00eb Psikologjis\u00eb, gjenerata e njohur si \u2018Gen Z\u2019, kan\u00eb probleme t\u00eb shumta me sh\u00ebndetin mendor, krahasuar me \u00e7do gjenerat\u00eb tjet\u00ebr. Sipas raporteve t\u00eb organizatave t\u00eb sh\u00ebndetit mendor n\u00eb Amerik\u00eb, rreth 50% e njer\u00ebzve, gjat\u00eb jet\u00ebs kan\u00eb nj\u00eb \u00e7rregullim t\u00eb sh\u00ebndetit mendor, q\u00eb nga mosha 14 vje\u00e7are.<\/p>\n<p>\u00c7rregullimet e sh\u00ebndetit mendor, ndikojn\u00eb n\u00eb disponim, t\u00eb menduarit dhe n\u00eb sjellje t\u00eb njeriut. Shembuj t\u00eb s\u00ebmundjeve mendore, p\u00ebrfshijn\u00eb depresionin, \u00e7rregullimet e ankthit, skizofrenin\u00eb, \u00e7rregullimet e t\u00eb ngr\u00ebnit dhe sjelljet e var\u00ebsis\u00eb.<\/p>\n<p>Disa nga arsyet q\u00eb sjellin \u00e7rregullime mendore, jan\u00eb: keqtrajtimet n\u00eb f\u00ebmij\u00ebri, diskriminimi shoq\u00ebror, dhuna n\u00eb familje dhe traumat e ndryshme n\u00eb shum\u00eb aspekte t\u00eb tjera.<\/p>\n<p>&nbsp;<\/p>\n<p>&nbsp;<\/p>\n","protected":false},"excerpt":{"rendered":"<p>\u2018Dita Bot\u00ebrore e Sh\u00ebndetit Mendor t\u00eb Adoleshent\u00ebve\u2019 sh\u00ebnohet sot (02.03.23), n\u00eb t\u00eb gjith\u00eb globin. N\u00ebp\u00ebrmes aktiviteteve e fushatave t\u00eb shumta n\u00eb bot\u00eb, kjo dit\u00eb synon t\u00eb rris\u00eb nd\u00ebrgjegj\u00ebsimin p\u00ebr problemet e sh\u00ebndetit mendor, me t\u00eb cilat p\u00ebrballen adoleshent\u00ebt. Sipas Shoqat\u00ebs Amerikane t\u00eb Psikologjis\u00eb, gjenerata e njohur si \u2018Gen Z\u2019, kan\u00eb probleme t\u00eb shumta me sh\u00ebndetin&hellip;<\/p>\n","protected":false},"author":3,"featured_media":66684,"comment_status":"closed","ping_status":"closed","sticky":false,"template":"","format":"standard","meta":{"_monsterinsights_skip_tracking":false,"_monsterinsights_sitenote_active":false,"_monsterinsights_sitenote_note":"","_monsterinsights_sitenote_category":0,"footnotes":""},"categories":[2],"tags":[],"class_list":["post-66683","post","type-post","status-publish","format-standard","has-post-thumbnail","hentry","category-news","category-2","description-off"],"_links":{"self":[{"href":"https:\/\/radiokfor.com\/1\/wp-json\/wp\/v2\/posts\/66683","targetHints":{"allow":["GET"]}}],"collection":[{"href":"https:\/\/radiokfor.com\/1\/wp-json\/wp\/v2\/posts"}],"about":[{"href":"https:\/\/radiokfor.com\/1\/wp-json\/wp\/v2\/types\/post"}],"author":[{"embeddable":true,"href":"https:\/\/radiokfor.com\/1\/wp-json\/wp\/v2\/users\/3"}],"replies":[{"embeddable":true,"href":"https:\/\/radiokfor.com\/1\/wp-json\/wp\/v2\/comments?post=66683"}],"version-history":[{"count":3,"href":"https:\/\/radiokfor.com\/1\/wp-json\/wp\/v2\/posts\/66683\/revisions"}],"predecessor-version":[{"id":66696,"href":"https:\/\/radiokfor.com\/1\/wp-json\/wp\/v2\/posts\/66683\/revisions\/66696"}],"wp:featuredmedia":[{"embeddable":true,"href":"https:\/\/radiokfor.com\/1\/wp-json\/wp\/v2\/media\/66684"}],"wp:attachment":[{"href":"https:\/\/radiokfor.com\/1\/wp-json\/wp\/v2\/media?parent=66683"}],"wp:term":[{"taxonomy":"category","embeddable":true,"href":"https:\/\/radiokfor.com\/1\/wp-json\/wp\/v2\/categories?post=66683"},{"taxonomy":"post_tag","embeddable":true,"href":"https:\/\/radiokfor.com\/1\/wp-json\/wp\/v2\/tags?post=66683"}],"curies":[{"name":"wp","href":"https:\/\/api.w.org\/{rel}","templated":true}]}}