{"id":66667,"date":"2023-03-01T14:12:37","date_gmt":"2023-03-01T13:12:37","guid":{"rendered":"https:\/\/radiokfor.com\/1\/?p=66667"},"modified":"2023-03-01T14:12:37","modified_gmt":"2023-03-01T13:12:37","slug":"terapia-muzikore-nje-forme-e-vecante-sherimi","status":"publish","type":"post","link":"https:\/\/radiokfor.com\/1\/terapia-muzikore-nje-forme-e-vecante-sherimi\/","title":{"rendered":"Terapia muzikore, nj\u00eb form\u00eb e ve\u00e7ant\u00eb sh\u00ebrimi"},"content":{"rendered":"<p>Muzika mund t\u00eb na ngrej\u00eb humorin, t\u00eb na qet\u00ebsoj\u00eb ose mund t\u00eb na motivoj\u00eb dhe ngush\u00eblloj\u00eb. Por n\u00eb duart e muziko-terapeutist\u00ebve t\u00eb trajnuar me profesionaliz\u00ebm, muzika mund t\u00eb sjell\u00eb p\u00ebrfitime shtes\u00eb, duke dep\u00ebrtuar edhe aty ku fjal\u00ebt nuk munden. Data e sotme, 1 Marsi, i dedikohet \u2018Dit\u00ebs Bot\u00ebrore t\u00eb Muzikoterapis\u00eb\u2019. Terapeutist\u00ebt e muzik\u00ebs, jan\u00eb profesionist\u00eb t\u00eb kujdesit sh\u00ebndet\u00ebsor q\u00eb p\u00ebrdorin muzik\u00ebn p\u00ebr t\u00eb ndihmuar n\u00eb mb\u00ebshtetjen e individ\u00ebve me nevoja fizike dhe emocionale. Terapia muzikore, p\u00ebrdor muzik\u00ebn p\u00ebr t\u00eb reduktuar stresin dhe p\u00ebr t\u00eb p\u00ebrmir\u00ebsuar gjendjen shpirt\u00ebrore p\u00ebrmes d\u00ebgjimit, k\u00ebndimit, luajtjes s\u00eb instrumenteve ose kompozimit t\u00eb muzik\u00ebs.<\/p>\n<p>Kjo form\u00eb e terapis\u00eb, \u00ebsht\u00eb njohur gjer\u00ebsisht n\u00eb fush\u00ebn klinike q\u00eb nga shekulli i 20-t\u00eb, por sipas dokumentimeve historike, thuhet se edhe Hipokrati u luante muzik\u00eb pacient\u00ebve t\u00eb tij n\u00eb vitin 400 para Krishtit.<\/p>\n","protected":false},"excerpt":{"rendered":"<p>Muzika mund t\u00eb na ngrej\u00eb humorin, t\u00eb na qet\u00ebsoj\u00eb ose mund t\u00eb na motivoj\u00eb dhe ngush\u00eblloj\u00eb. Por n\u00eb duart e muziko-terapeutist\u00ebve t\u00eb trajnuar me profesionaliz\u00ebm, muzika mund t\u00eb sjell\u00eb p\u00ebrfitime shtes\u00eb, duke dep\u00ebrtuar edhe aty ku fjal\u00ebt nuk munden. Data e sotme, 1 Marsi, i dedikohet \u2018Dit\u00ebs Bot\u00ebrore t\u00eb Muzikoterapis\u00eb\u2019. Terapeutist\u00ebt e muzik\u00ebs, jan\u00eb profesionist\u00eb&hellip;<\/p>\n","protected":false},"author":3,"featured_media":66668,"comment_status":"closed","ping_status":"closed","sticky":false,"template":"","format":"standard","meta":{"_monsterinsights_skip_tracking":false,"_monsterinsights_sitenote_active":false,"_monsterinsights_sitenote_note":"","_monsterinsights_sitenote_category":0,"footnotes":""},"categories":[2],"tags":[],"class_list":["post-66667","post","type-post","status-publish","format-standard","has-post-thumbnail","hentry","category-news","category-2","description-off"],"_links":{"self":[{"href":"https:\/\/radiokfor.com\/1\/wp-json\/wp\/v2\/posts\/66667","targetHints":{"allow":["GET"]}}],"collection":[{"href":"https:\/\/radiokfor.com\/1\/wp-json\/wp\/v2\/posts"}],"about":[{"href":"https:\/\/radiokfor.com\/1\/wp-json\/wp\/v2\/types\/post"}],"author":[{"embeddable":true,"href":"https:\/\/radiokfor.com\/1\/wp-json\/wp\/v2\/users\/3"}],"replies":[{"embeddable":true,"href":"https:\/\/radiokfor.com\/1\/wp-json\/wp\/v2\/comments?post=66667"}],"version-history":[{"count":1,"href":"https:\/\/radiokfor.com\/1\/wp-json\/wp\/v2\/posts\/66667\/revisions"}],"predecessor-version":[{"id":66669,"href":"https:\/\/radiokfor.com\/1\/wp-json\/wp\/v2\/posts\/66667\/revisions\/66669"}],"wp:featuredmedia":[{"embeddable":true,"href":"https:\/\/radiokfor.com\/1\/wp-json\/wp\/v2\/media\/66668"}],"wp:attachment":[{"href":"https:\/\/radiokfor.com\/1\/wp-json\/wp\/v2\/media?parent=66667"}],"wp:term":[{"taxonomy":"category","embeddable":true,"href":"https:\/\/radiokfor.com\/1\/wp-json\/wp\/v2\/categories?post=66667"},{"taxonomy":"post_tag","embeddable":true,"href":"https:\/\/radiokfor.com\/1\/wp-json\/wp\/v2\/tags?post=66667"}],"curies":[{"name":"wp","href":"https:\/\/api.w.org\/{rel}","templated":true}]}}