{"id":66649,"date":"2023-03-01T06:02:24","date_gmt":"2023-03-01T05:02:24","guid":{"rendered":"https:\/\/radiokfor.com\/1\/?p=66649"},"modified":"2023-02-28T14:44:10","modified_gmt":"2023-02-28T13:44:10","slug":"1-marsi-dita-e-diskriminimit-zero","status":"publish","type":"post","link":"https:\/\/radiokfor.com\/1\/1-marsi-dita-e-diskriminimit-zero\/","title":{"rendered":"1 marsi &#8211; \u2018Dita e Diskriminimit Zero\u2019"},"content":{"rendered":"<p>Sot (1 mars), sh\u00ebnohet\u00a0 \u2018Dita e Diskriminimit Zero,\u00a0 themeluar nga Kombet e Bashkuara, e q\u00eb ka p\u00ebr synim t\u2019i japin fund t\u00eb gjitha formave t\u00eb pabarazis\u00eb dhe diskriminimit.<\/p>\n<p>Lajmi i mir\u00eb \u00ebsht\u00eb se t\u00eb gjith\u00eb mund t\u00eb b\u00ebjn\u00eb ndryshime, mund t\u00eb mos duket k\u00ebshtu, por nj\u00eb veprim n\u00eb k\u00ebt\u00eb drejtim, mund t\u00eb krijoj\u00eb nj\u00eb \u2018efekt domino\u2019 q\u00eb transformon shoq\u00ebrit\u00eb e gjith\u00eb bot\u00ebs n\u00eb drejt\u00ebsi dhe barazi.<\/p>\n<p>Se t\u00eb gjith\u00eb mund t\u00eb b\u00ebjm\u00eb ndryshime e v\u00ebrtetojn\u00eb edhe d\u00ebgjuesit e Radio KFOR-it.<br \/>\nN\u00eb lidhje me dit\u00ebn e sotme, d\u00ebgjuesi z. Veton Gashi, tha:<em> \u201cNe duhet t\u00eb bindemi n\u00eb at\u00eb q\u00eb t\u00eb gjith\u00eb njer\u00ebzit kan\u00eb t\u00eb drejt\u00eb ta jetojn\u00eb jet\u00ebn e tyre ashtu si\u00e7 ata d\u00ebshirojn\u00eb. Ne jemi t\u00eb ndrysh\u00ebm, prandaj duhet ta respektojm\u00eb tjetrin, sido q\u00eb t\u00eb jet\u00eb.\u201d<\/em><\/p>\n<p>Ngjash\u00ebm mendon edhe d\u00ebgjuesi tjet\u00ebr, z. Faton Cakolli: <em>\u201cDiskriminimi shkakton dhimbje dhe vuajtje p\u00ebr njer\u00ebz. Ajo mund t\u00eb b\u00ebhet n\u00eb forma t\u00eb ndryshme, prandaj ne duhet t\u00eb jemi shum\u00eb t\u00eb kujdessh\u00ebm dhe t\u00eb mos e lejojm\u00eb nj\u00eb gj\u00eb t\u00eb till\u00eb.\u201d<\/em><\/p>\n<p>Ta jetojm\u00eb jet\u00ebn me nder dhe dinjitet, duke respektuar vet\u00ebn dhe t\u00eb tjer\u00ebt pavar\u00ebsisht pamjes, rac\u00ebs, vendit dhe besimit.<\/p>\n","protected":false},"excerpt":{"rendered":"<p>Sot (1 mars), sh\u00ebnohet\u00a0 \u2018Dita e Diskriminimit Zero,\u00a0 themeluar nga Kombet e Bashkuara, e q\u00eb ka p\u00ebr synim t\u2019i japin fund t\u00eb gjitha formave t\u00eb pabarazis\u00eb dhe diskriminimit. Lajmi i mir\u00eb \u00ebsht\u00eb se t\u00eb gjith\u00eb mund t\u00eb b\u00ebjn\u00eb ndryshime, mund t\u00eb mos duket k\u00ebshtu, por nj\u00eb veprim n\u00eb k\u00ebt\u00eb drejtim, mund t\u00eb krijoj\u00eb nj\u00eb \u2018efekt&hellip;<\/p>\n","protected":false},"author":3,"featured_media":66650,"comment_status":"closed","ping_status":"closed","sticky":false,"template":"","format":"standard","meta":{"_monsterinsights_skip_tracking":false,"_monsterinsights_sitenote_active":false,"_monsterinsights_sitenote_note":"","_monsterinsights_sitenote_category":0,"footnotes":""},"categories":[2],"tags":[],"class_list":["post-66649","post","type-post","status-publish","format-standard","has-post-thumbnail","hentry","category-news","category-2","description-off"],"_links":{"self":[{"href":"https:\/\/radiokfor.com\/1\/wp-json\/wp\/v2\/posts\/66649","targetHints":{"allow":["GET"]}}],"collection":[{"href":"https:\/\/radiokfor.com\/1\/wp-json\/wp\/v2\/posts"}],"about":[{"href":"https:\/\/radiokfor.com\/1\/wp-json\/wp\/v2\/types\/post"}],"author":[{"embeddable":true,"href":"https:\/\/radiokfor.com\/1\/wp-json\/wp\/v2\/users\/3"}],"replies":[{"embeddable":true,"href":"https:\/\/radiokfor.com\/1\/wp-json\/wp\/v2\/comments?post=66649"}],"version-history":[{"count":1,"href":"https:\/\/radiokfor.com\/1\/wp-json\/wp\/v2\/posts\/66649\/revisions"}],"predecessor-version":[{"id":66651,"href":"https:\/\/radiokfor.com\/1\/wp-json\/wp\/v2\/posts\/66649\/revisions\/66651"}],"wp:featuredmedia":[{"embeddable":true,"href":"https:\/\/radiokfor.com\/1\/wp-json\/wp\/v2\/media\/66650"}],"wp:attachment":[{"href":"https:\/\/radiokfor.com\/1\/wp-json\/wp\/v2\/media?parent=66649"}],"wp:term":[{"taxonomy":"category","embeddable":true,"href":"https:\/\/radiokfor.com\/1\/wp-json\/wp\/v2\/categories?post=66649"},{"taxonomy":"post_tag","embeddable":true,"href":"https:\/\/radiokfor.com\/1\/wp-json\/wp\/v2\/tags?post=66649"}],"curies":[{"name":"wp","href":"https:\/\/api.w.org\/{rel}","templated":true}]}}