{"id":66125,"date":"2023-01-04T06:02:07","date_gmt":"2023-01-04T05:02:07","guid":{"rendered":"https:\/\/radiokfor.com\/1\/?p=66125"},"modified":"2022-12-26T13:42:28","modified_gmt":"2022-12-26T12:42:28","slug":"sot-dita-boterore-e-alfabetit-brajl","status":"publish","type":"post","link":"https:\/\/radiokfor.com\/1\/sot-dita-boterore-e-alfabetit-brajl\/","title":{"rendered":"Sot \u2018Dita Bot\u00ebrore e Alfabetit Brajl\u2019"},"content":{"rendered":"<p>N\u00eb dit\u00eblindjen e shpik\u00ebsit francez t\u00eb alfabetit brajl, Louis Braille, n\u00eb gjith\u00eb bot\u00ebn, data e sotme 4 janari, sh\u00ebnon \u2018Dit\u00ebn e Alfabetit Brajl\u2019. Kjo dit\u00eb ka r\u00ebnd\u00ebsi t\u00eb madhe dhe nderon kontributin e Louise Braille, p\u00ebr t\u00eb ndihmuar njer\u00ebzit e verb\u00ebr dhe me shikim t\u00eb d\u00ebmtuar, t\u00eb lexojn\u00eb dhe t\u00eb shkruajn\u00eb si dhe p\u00ebr t\u2019ju ofruar atyre mund\u00ebsi t\u00eb barabarta n\u00eb komunikim dhe qasje n\u00eb informata. Zbulimi i k\u00ebtij alfabeti ishte nj\u00eb shpikje e madhe historike, q\u00eb ndryshoi p\u00ebrgjithmon\u00eb m\u00ebnyr\u00ebn e komunikimit p\u00ebr t\u00eb verbrit dhe p\u00ebr personat me shikim t\u00eb d\u00ebmtuar, meq\u00eb ju mund\u00ebsoi miliona personave t\u00eb drejt\u00ebn themelore p\u00ebr arsimim dhe komunikim m\u00eb t\u00eb leht\u00eb.<\/p>\n<p>Shkrimi brajl, u pranua n\u00eb t\u00eb gjith\u00eb bot\u00ebn si forma kryesore e informacionit t\u00eb shkruar p\u00ebr njer\u00ebzit e verb\u00ebr, duke ndryshuar jet\u00ebn e tyre rr\u00ebnj\u00ebsisht. Sipas Organizat\u00ebs Bot\u00ebrore t\u00eb Sh\u00ebndet\u00ebsis\u00eb, globalisht numri i njer\u00ebzve me shikim t\u00eb d\u00ebmtuar vler\u00ebsohet t\u00eb jet\u00eb rreth 2.2 miliard\u00eb njer\u00ebz.<\/p>\n","protected":false},"excerpt":{"rendered":"<p>N\u00eb dit\u00eblindjen e shpik\u00ebsit francez t\u00eb alfabetit brajl, Louis Braille, n\u00eb gjith\u00eb bot\u00ebn, data e sotme 4 janari, sh\u00ebnon \u2018Dit\u00ebn e Alfabetit Brajl\u2019. Kjo dit\u00eb ka r\u00ebnd\u00ebsi t\u00eb madhe dhe nderon kontributin e Louise Braille, p\u00ebr t\u00eb ndihmuar njer\u00ebzit e verb\u00ebr dhe me shikim t\u00eb d\u00ebmtuar, t\u00eb lexojn\u00eb dhe t\u00eb shkruajn\u00eb si dhe p\u00ebr t\u2019ju&hellip;<\/p>\n","protected":false},"author":3,"featured_media":66126,"comment_status":"closed","ping_status":"closed","sticky":false,"template":"","format":"standard","meta":{"_monsterinsights_skip_tracking":false,"_monsterinsights_sitenote_active":false,"_monsterinsights_sitenote_note":"","_monsterinsights_sitenote_category":0,"footnotes":""},"categories":[2],"tags":[],"class_list":["post-66125","post","type-post","status-publish","format-standard","has-post-thumbnail","hentry","category-news","category-2","description-off"],"_links":{"self":[{"href":"https:\/\/radiokfor.com\/1\/wp-json\/wp\/v2\/posts\/66125","targetHints":{"allow":["GET"]}}],"collection":[{"href":"https:\/\/radiokfor.com\/1\/wp-json\/wp\/v2\/posts"}],"about":[{"href":"https:\/\/radiokfor.com\/1\/wp-json\/wp\/v2\/types\/post"}],"author":[{"embeddable":true,"href":"https:\/\/radiokfor.com\/1\/wp-json\/wp\/v2\/users\/3"}],"replies":[{"embeddable":true,"href":"https:\/\/radiokfor.com\/1\/wp-json\/wp\/v2\/comments?post=66125"}],"version-history":[{"count":1,"href":"https:\/\/radiokfor.com\/1\/wp-json\/wp\/v2\/posts\/66125\/revisions"}],"predecessor-version":[{"id":66127,"href":"https:\/\/radiokfor.com\/1\/wp-json\/wp\/v2\/posts\/66125\/revisions\/66127"}],"wp:featuredmedia":[{"embeddable":true,"href":"https:\/\/radiokfor.com\/1\/wp-json\/wp\/v2\/media\/66126"}],"wp:attachment":[{"href":"https:\/\/radiokfor.com\/1\/wp-json\/wp\/v2\/media?parent=66125"}],"wp:term":[{"taxonomy":"category","embeddable":true,"href":"https:\/\/radiokfor.com\/1\/wp-json\/wp\/v2\/categories?post=66125"},{"taxonomy":"post_tag","embeddable":true,"href":"https:\/\/radiokfor.com\/1\/wp-json\/wp\/v2\/tags?post=66125"}],"curies":[{"name":"wp","href":"https:\/\/api.w.org\/{rel}","templated":true}]}}