{"id":65631,"date":"2022-11-26T06:03:12","date_gmt":"2022-11-26T05:03:12","guid":{"rendered":"https:\/\/radiokfor.com\/1\/?p=65631"},"modified":"2022-11-25T09:32:08","modified_gmt":"2022-11-25T08:32:08","slug":"mirembajtja-e-flokeve-gjate-motit-te-ftohte","status":"publish","type":"post","link":"https:\/\/radiokfor.com\/1\/mirembajtja-e-flokeve-gjate-motit-te-ftohte\/","title":{"rendered":"Mir\u00ebmbajtja e flok\u00ebve gjat\u00eb motit t\u00eb ftoht\u00eb"},"content":{"rendered":"<p>Zakonisht priremi q\u00eb t\u00eb kujdesemi p\u00ebr flok\u00ebt gjat\u00eb stin\u00ebs s\u00eb ver\u00ebs, duke neglizhuar faktin se ato mund t\u00eb na d\u00ebmtohen edhe kur bien temperaturat. N\u00eb stin\u00ebn e vjesht\u00ebs, sikurse gjethet, edhe flok\u00ebt bien, r\u00ebnia e t\u00eb cilave rritet deri n\u00eb 30%, n\u00eb krahasim me sezonet e tjera. Por, me strategjin\u00eb e duhur, flok\u00ebt tuaj do t\u00eb duken mahnit\u00ebs deri n\u00eb pranver\u00eb. \u00a0P\u00ebr t\u2019i rikthyer n\u00eb gjendjen optimale, me shk\u00eblqim, t\u00eb m\u00ebndafsht\u00eb dhe plot me energji, duhet tu kushtoni kujdes dhe v\u00ebmendje si dhe t\u2019i trajtoni me produktet e duhura kozmetike. Duhet t\u2019i riparoni majat e d\u00ebmtuara, t\u00eb luftoni r\u00ebnien e flok\u00ebve, t\u00eb luftoni tharjen e tyre, t\u00eb p\u00ebrdorni shampo adekuat, t\u2019i jepni sa m\u00eb shum\u00eb volum atyre.<\/p>\n<p>Stilist\u00ebt rekomandojn\u00eb q\u00eb t\u00eb aplikojm\u00eb nj\u00eb sasi t\u00eb vog\u00ebl shamponi tek p\u00ebll\u00ebmb\u00ebt e dor\u00ebs, t\u00eb shkum\u00ebzojm\u00eb dhe ta aplikojm\u00eb n\u00eb kok\u00eb. Kjo pasohet nga nj\u00eb masazh i shkurt\u00ebr i leht\u00eb. Pastaj lani shkum\u00ebn me uj\u00eb t\u00eb ftoht\u00eb apo t\u00eb vak\u00ebt. \u00cbsht\u00eb e r\u00ebnd\u00ebsishme q\u00eb uji t\u00eb mos jet\u00eb i nxeht\u00eb gjat\u00eb larjes s\u00eb flok\u00ebve. S\u00eb pari, uji i ngroht\u00eb do t\u00eb mbuloj\u00eb luspat e flok\u00ebve dhe do t&#8217;i b\u00ebj\u00eb ato m\u00eb t\u00eb ndritshme. Dhe s\u00eb dyti, uji i nxeht\u00eb mund t\u00eb provokoj\u00eb pun\u00ebn e gj\u00ebndrave dhjamore, q\u00eb do t\u00eb thot\u00eb se flok\u00ebt do t\u00eb b\u00ebhen t\u00eb yndyrsh\u00ebm m\u00eb shpejt.<\/p>\n<p>Edhe pse duhet t\u00eb tregohemi t\u00eb kujdessh\u00ebm gjat\u00eb gjith\u00eb vitit, kur temperaturat bien, duhet t&#8217;i kushtojm\u00eb v\u00ebmendje t\u00eb ve\u00e7ant\u00eb ushqyerjes s\u00eb flok\u00ebve me maska t\u00eb pasura, kondicioner\u00eb dhe serume, q\u00eb do t&#8217;i shtojn\u00eb flok\u00ebve lag\u00ebshti dhe elasticitet. Her\u00eb pas here mundohuni q\u00eb t\u00eb gjeni koh\u00eb p\u00ebr nj\u00eb spa apo t\u00eb aplikoni nj\u00eb mask\u00eb n\u00eb flok\u00eb n\u00eb sht\u00ebpin\u00eb tuaj.<\/p>\n","protected":false},"excerpt":{"rendered":"<p>Zakonisht priremi q\u00eb t\u00eb kujdesemi p\u00ebr flok\u00ebt gjat\u00eb stin\u00ebs s\u00eb ver\u00ebs, duke neglizhuar faktin se ato mund t\u00eb na d\u00ebmtohen edhe kur bien temperaturat. N\u00eb stin\u00ebn e vjesht\u00ebs, sikurse gjethet, edhe flok\u00ebt bien, r\u00ebnia e t\u00eb cilave rritet deri n\u00eb 30%, n\u00eb krahasim me sezonet e tjera. Por, me strategjin\u00eb e duhur, flok\u00ebt tuaj do&hellip;<\/p>\n","protected":false},"author":3,"featured_media":65632,"comment_status":"closed","ping_status":"closed","sticky":false,"template":"","format":"standard","meta":{"_monsterinsights_skip_tracking":false,"_monsterinsights_sitenote_active":false,"_monsterinsights_sitenote_note":"","_monsterinsights_sitenote_category":0,"footnotes":""},"categories":[2],"tags":[],"class_list":["post-65631","post","type-post","status-publish","format-standard","has-post-thumbnail","hentry","category-news","category-2","description-off"],"_links":{"self":[{"href":"https:\/\/radiokfor.com\/1\/wp-json\/wp\/v2\/posts\/65631","targetHints":{"allow":["GET"]}}],"collection":[{"href":"https:\/\/radiokfor.com\/1\/wp-json\/wp\/v2\/posts"}],"about":[{"href":"https:\/\/radiokfor.com\/1\/wp-json\/wp\/v2\/types\/post"}],"author":[{"embeddable":true,"href":"https:\/\/radiokfor.com\/1\/wp-json\/wp\/v2\/users\/3"}],"replies":[{"embeddable":true,"href":"https:\/\/radiokfor.com\/1\/wp-json\/wp\/v2\/comments?post=65631"}],"version-history":[{"count":1,"href":"https:\/\/radiokfor.com\/1\/wp-json\/wp\/v2\/posts\/65631\/revisions"}],"predecessor-version":[{"id":65633,"href":"https:\/\/radiokfor.com\/1\/wp-json\/wp\/v2\/posts\/65631\/revisions\/65633"}],"wp:featuredmedia":[{"embeddable":true,"href":"https:\/\/radiokfor.com\/1\/wp-json\/wp\/v2\/media\/65632"}],"wp:attachment":[{"href":"https:\/\/radiokfor.com\/1\/wp-json\/wp\/v2\/media?parent=65631"}],"wp:term":[{"taxonomy":"category","embeddable":true,"href":"https:\/\/radiokfor.com\/1\/wp-json\/wp\/v2\/categories?post=65631"},{"taxonomy":"post_tag","embeddable":true,"href":"https:\/\/radiokfor.com\/1\/wp-json\/wp\/v2\/tags?post=65631"}],"curies":[{"name":"wp","href":"https:\/\/api.w.org\/{rel}","templated":true}]}}