{"id":65538,"date":"2022-12-10T06:00:58","date_gmt":"2022-12-10T05:00:58","guid":{"rendered":"https:\/\/radiokfor.com\/1\/?p=65538"},"modified":"2022-11-16T15:20:35","modified_gmt":"2022-11-16T14:20:35","slug":"dita-e-sotme-njeh-vlerat-universale-te-te-gjithe-popujve-dhe-te-gjitha-kombeve","status":"publish","type":"post","link":"https:\/\/radiokfor.com\/1\/dita-e-sotme-njeh-vlerat-universale-te-te-gjithe-popujve-dhe-te-gjitha-kombeve\/","title":{"rendered":"Dita e sotme, njeh vlerat universale t\u00eb t\u00eb gjith\u00eb popujve dhe t\u00eb gjitha kombeve"},"content":{"rendered":"<p>N\u00eb dat\u00ebn e sotme, 10 dhjetor, \u00e7do vit festohet \u2018Dita e t\u00eb Drejtave t\u00eb Njeriut\u2019. Ishte Asambleja e P\u00ebrgjithshme e Kombeve t\u00eb Bashkuara, e cila miratoi \u2018Deklarat\u00ebn Universale t\u00eb t\u00eb Drejtave t\u00eb Njeriut\u2019, n\u00eb vitin 1948, dokument ky historik q\u00eb shpalli t\u00eb drejtat e patjet\u00ebrsueshme q\u00eb i takojn\u00eb t\u00eb gjith\u00ebve, si qenie njer\u00ebzore, pavar\u00ebsisht nga raca, ngjyra, feja, gjinia, gjuha, pasuria, statusi, etj. Deklarata Universale e t\u00eb Drejtave t\u00eb Njeriut, njihet si dokumenti m\u00eb i p\u00ebrkthyer n\u00eb bot\u00eb, n\u00eb m\u00eb shum\u00eb se 500 gjuh\u00eb t\u00eb ndryshme. R\u00ebnd\u00ebsia e dokumentit fuqizon \u00e7do qenie njer\u00ebzore n\u00eb bot\u00eb, s\u00eb bashku me fuqizimin e individ\u00ebve p\u00ebr t\u00eb mbrojtur t\u00eb drejtat e tyre njer\u00ebzore dhe i mund\u00ebson t\u00eb gjith\u00ebve q\u00eb t\u00eb ngrihen edhe p\u00ebr t\u00eb drejtat e t\u00eb tjer\u00ebve.<\/p>\n<p>\u2018Dita e t\u00eb Drejtave t\u00eb Njeriut\u2019 \u00ebsht\u00eb e bazuar n\u00eb Masakr\u00ebn e Sharpevilit, q\u00eb ndodhi m\u00eb 21 mars, t\u00eb vitit 1960, ku policia e aparteidit q\u00eblloi me arm\u00eb dhe vrau 69 njer\u00ebz, n\u00eb nj\u00eb protest\u00eb paq\u00ebsore.<\/p>\n<p>Tema e sivjetme q\u00eb do t\u00eb sh\u00ebnoj \u2018Dit\u00ebn e t\u00eb Drejtave t\u00eb Njeriut 2022\u2019, \u00ebsht\u00eb <em>\u201c75-vjetori i Deklarat\u00ebs Universale t\u00eb t\u00eb Drejtave t\u00eb Njeriut\u201d<\/em>.<\/p>\n","protected":false},"excerpt":{"rendered":"<p>N\u00eb dat\u00ebn e sotme, 10 dhjetor, \u00e7do vit festohet \u2018Dita e t\u00eb Drejtave t\u00eb Njeriut\u2019. Ishte Asambleja e P\u00ebrgjithshme e Kombeve t\u00eb Bashkuara, e cila miratoi \u2018Deklarat\u00ebn Universale t\u00eb t\u00eb Drejtave t\u00eb Njeriut\u2019, n\u00eb vitin 1948, dokument ky historik q\u00eb shpalli t\u00eb drejtat e patjet\u00ebrsueshme q\u00eb i takojn\u00eb t\u00eb gjith\u00ebve, si qenie njer\u00ebzore, pavar\u00ebsisht nga&hellip;<\/p>\n","protected":false},"author":3,"featured_media":65539,"comment_status":"closed","ping_status":"closed","sticky":false,"template":"","format":"standard","meta":{"_monsterinsights_skip_tracking":false,"_monsterinsights_sitenote_active":false,"_monsterinsights_sitenote_note":"","_monsterinsights_sitenote_category":0,"footnotes":""},"categories":[2],"tags":[],"class_list":["post-65538","post","type-post","status-publish","format-standard","has-post-thumbnail","hentry","category-news","category-2","description-off"],"_links":{"self":[{"href":"https:\/\/radiokfor.com\/1\/wp-json\/wp\/v2\/posts\/65538","targetHints":{"allow":["GET"]}}],"collection":[{"href":"https:\/\/radiokfor.com\/1\/wp-json\/wp\/v2\/posts"}],"about":[{"href":"https:\/\/radiokfor.com\/1\/wp-json\/wp\/v2\/types\/post"}],"author":[{"embeddable":true,"href":"https:\/\/radiokfor.com\/1\/wp-json\/wp\/v2\/users\/3"}],"replies":[{"embeddable":true,"href":"https:\/\/radiokfor.com\/1\/wp-json\/wp\/v2\/comments?post=65538"}],"version-history":[{"count":1,"href":"https:\/\/radiokfor.com\/1\/wp-json\/wp\/v2\/posts\/65538\/revisions"}],"predecessor-version":[{"id":65540,"href":"https:\/\/radiokfor.com\/1\/wp-json\/wp\/v2\/posts\/65538\/revisions\/65540"}],"wp:featuredmedia":[{"embeddable":true,"href":"https:\/\/radiokfor.com\/1\/wp-json\/wp\/v2\/media\/65539"}],"wp:attachment":[{"href":"https:\/\/radiokfor.com\/1\/wp-json\/wp\/v2\/media?parent=65538"}],"wp:term":[{"taxonomy":"category","embeddable":true,"href":"https:\/\/radiokfor.com\/1\/wp-json\/wp\/v2\/categories?post=65538"},{"taxonomy":"post_tag","embeddable":true,"href":"https:\/\/radiokfor.com\/1\/wp-json\/wp\/v2\/tags?post=65538"}],"curies":[{"name":"wp","href":"https:\/\/api.w.org\/{rel}","templated":true}]}}