{"id":65190,"date":"2022-10-17T13:32:26","date_gmt":"2022-10-17T11:32:26","guid":{"rendered":"https:\/\/radiokfor.com\/1\/?p=65190"},"modified":"2022-10-17T13:32:26","modified_gmt":"2022-10-17T11:32:26","slug":"aktivitete-te-shumta-kulturore-per-artdashesit-pergjate-gjithe-javes","status":"publish","type":"post","link":"https:\/\/radiokfor.com\/1\/aktivitete-te-shumta-kulturore-per-artdashesit-pergjate-gjithe-javes\/","title":{"rendered":"Aktivitete t\u00eb shumta kulturore p\u00ebr artdash\u00ebsit, p\u00ebrgjat\u00eb gjith\u00eb jav\u00ebs"},"content":{"rendered":"<p>Prishtina po vazhdon q\u00eb t\u00eb jet\u00eb nikoqire e ngjarjeve t\u00eb shumta kulturore dhe n\u00eb dit\u00ebt n\u00eb vazhdim ngjarjet kulturore do t\u00eb ken\u00eb nj\u00eb \u2018agjend\u00eb\u2019 t\u00eb ngjeshur. Duke filluar nga data e sotme (17.10), TonyDrumStudio, organizon koncertin e 9-t\u00eb, me titull &#8220;Albanian 90&#8217;s&#8221;, me q\u00ebllim promovimin e baterist\u00ebve t\u00eb rinj. K\u00ebng\u00ebt e vjetra do t\u00eb rikthehen n\u00eb versione moderne, mir\u00ebpo duke e ruajtur origjinalitetin e tyre. Koncerti do t\u00eb nis\u00eb n\u00eb or\u00ebn 19:00 n\u00eb teatrin Oda.<\/p>\n<p>Nes\u00ebr (18.10), nga ora 19:30, n\u00eb Teatrin e Qytetit t\u00eb Prishtin\u00ebs, n\u00eb Dodona, do t\u00eb shfaqet premiera teatrore &#8220;Top Girls&#8221;, bashk\u00eb produksion i Artpolis me teatrin Dodona. Shfaqja &#8220;Top Girls&#8221;, realizohet n\u00eb kuad\u00ebr t\u00eb projektit \u201cHumanRightivism\u201d, implementuar nga Fondi p\u00ebr Zhvillim Komunitar &#8211; CDF, p\u00ebrkrahur nga Ambasada e Suedis\u00eb n\u00eb Prishtin\u00eb.<\/p>\n<p>Nd\u00ebrkoh\u00eb me dat\u00ebn 22 tetor, n\u00eb ambientet e Innovation Centre Kosovo, duke filluar nga ora 12:00, do t\u00eb mbahet formati \u2018Azure Meet Up Munich\u2019, p\u00ebr t\u00eb folur p\u00ebr kompanin\u00eb Microsoft. Ngjarja do t\u00eb sjell\u00eb n\u00eb Prishtin\u00eb, emra t\u00eb m\u00ebdhenj t\u00eb bot\u00ebs teknologjike. P\u00ebrve\u00e7 punonj\u00ebsit t\u00eb Microsoft-it, Markus Klein, si i ftuar special, aty fol\u00ebs do t\u00eb jen\u00eb edhe punonj\u00ebsit n\u00eb CloudAstro.<\/p>\n","protected":false},"excerpt":{"rendered":"<p>Prishtina po vazhdon q\u00eb t\u00eb jet\u00eb nikoqire e ngjarjeve t\u00eb shumta kulturore dhe n\u00eb dit\u00ebt n\u00eb vazhdim ngjarjet kulturore do t\u00eb ken\u00eb nj\u00eb \u2018agjend\u00eb\u2019 t\u00eb ngjeshur. Duke filluar nga data e sotme (17.10), TonyDrumStudio, organizon koncertin e 9-t\u00eb, me titull &#8220;Albanian 90&#8217;s&#8221;, me q\u00ebllim promovimin e baterist\u00ebve t\u00eb rinj. K\u00ebng\u00ebt e vjetra do t\u00eb rikthehen&hellip;<\/p>\n","protected":false},"author":3,"featured_media":65191,"comment_status":"closed","ping_status":"closed","sticky":false,"template":"","format":"standard","meta":{"_monsterinsights_skip_tracking":false,"_monsterinsights_sitenote_active":false,"_monsterinsights_sitenote_note":"","_monsterinsights_sitenote_category":0,"footnotes":""},"categories":[2],"tags":[],"class_list":["post-65190","post","type-post","status-publish","format-standard","has-post-thumbnail","hentry","category-news","category-2","description-off"],"_links":{"self":[{"href":"https:\/\/radiokfor.com\/1\/wp-json\/wp\/v2\/posts\/65190","targetHints":{"allow":["GET"]}}],"collection":[{"href":"https:\/\/radiokfor.com\/1\/wp-json\/wp\/v2\/posts"}],"about":[{"href":"https:\/\/radiokfor.com\/1\/wp-json\/wp\/v2\/types\/post"}],"author":[{"embeddable":true,"href":"https:\/\/radiokfor.com\/1\/wp-json\/wp\/v2\/users\/3"}],"replies":[{"embeddable":true,"href":"https:\/\/radiokfor.com\/1\/wp-json\/wp\/v2\/comments?post=65190"}],"version-history":[{"count":1,"href":"https:\/\/radiokfor.com\/1\/wp-json\/wp\/v2\/posts\/65190\/revisions"}],"predecessor-version":[{"id":65192,"href":"https:\/\/radiokfor.com\/1\/wp-json\/wp\/v2\/posts\/65190\/revisions\/65192"}],"wp:featuredmedia":[{"embeddable":true,"href":"https:\/\/radiokfor.com\/1\/wp-json\/wp\/v2\/media\/65191"}],"wp:attachment":[{"href":"https:\/\/radiokfor.com\/1\/wp-json\/wp\/v2\/media?parent=65190"}],"wp:term":[{"taxonomy":"category","embeddable":true,"href":"https:\/\/radiokfor.com\/1\/wp-json\/wp\/v2\/categories?post=65190"},{"taxonomy":"post_tag","embeddable":true,"href":"https:\/\/radiokfor.com\/1\/wp-json\/wp\/v2\/tags?post=65190"}],"curies":[{"name":"wp","href":"https:\/\/api.w.org\/{rel}","templated":true}]}}