{"id":64899,"date":"2022-10-03T13:36:37","date_gmt":"2022-10-03T11:36:37","guid":{"rendered":"https:\/\/radiokfor.com\/1\/?p=64899"},"modified":"2022-10-03T13:36:37","modified_gmt":"2022-10-03T11:36:37","slug":"shenohet-sot-dita-boterore-e-arkitekteve","status":"publish","type":"post","link":"https:\/\/radiokfor.com\/1\/shenohet-sot-dita-boterore-e-arkitekteve\/","title":{"rendered":"Sh\u00ebnohet sot \u2018Dita Bot\u00ebrore e Arkitekt\u00ebve\u2019"},"content":{"rendered":"<p>Arkitekt\u00ebt kan\u00eb aft\u00ebsin\u00eb t\u00eb ndryshojn\u00eb bot\u00ebn n\u00ebp\u00ebrmes krijimeve t\u00eb tyre kreative dhe artistike. Arkitektura p\u00ebrve\u00e7 q\u00eb shp\u00ebrfaq n\u00eb hap\u00ebsira publike nd\u00ebrtime t\u00eb bukura, ajo paraqet edhe historin\u00eb dhe kultur\u00ebn e nj\u00eb vendi.<\/p>\n<p>Sot, me 3 tetor, bota nderon pun\u00ebn e arkitekt\u00ebve n\u00eb \u2018Dit\u00ebn Bot\u00ebrore t\u00eb Arkitektur\u00ebs\u2019, nj\u00eb dit\u00eb kjo q\u00eb sh\u00ebnohet q\u00eb nga viti 1985, n\u00ebn inicimin e Unionit Nd\u00ebrkomb\u00ebtar t\u00eb Arkitekt\u00ebve. Rreth k\u00ebsaj dite, Radio KFOR-i ka zhvilluar nj\u00eb intervist\u00eb me arkitektin dhe n\u00ebnkryetarin e Asociacionit t\u00eb Arkitekt\u00ebve t\u00eb Kosov\u00ebs, z. Bledion Baraliu, i cili tregoi p\u00ebr r\u00ebnd\u00ebsin\u00eb e k\u00ebsaj dite dhe p\u00ebr pun\u00ebn e komunitetit t\u00eb arkitekt\u00ebve: \u201c<em>Kjo dit\u00eb u krijua me q\u00ebllim q\u00eb ti \u201ckujtohet bot\u00ebs p\u00ebrgjegj\u00ebsia e saj p\u00ebr t\u00eb ardhmen e habitatit njer\u00ebzor\u201d. Sh\u00ebnimi i \u2018Dit\u00ebs bot\u00ebrore t\u00eb Arkitektit\u2019, \u00ebsht\u00eb me r\u00ebnd\u00ebsi si n\u00eb rrafshin simbolik, ashtu edhe n\u00eb at\u00eb profesional e praktik. Simbolikisht &#8211; \u00ebsht\u00eb me r\u00ebnd\u00ebsi t\u00eb sh\u00ebnohet, vler\u00ebsohet dhe \u00e7mohet profesioni sublim i Arkitektit, p\u00ebr shkak t\u00eb ndikimit t\u00eb drejtp\u00ebrdrejt\u00eb q\u00eb ka n\u00eb definimin, funksionimin dhe p\u00ebrmir\u00ebsimin e kualitetit t\u00eb jetes\u00ebs s\u00eb njer\u00ebzimit, n\u00eb t\u00eb gjitha sferat, jo vet\u00ebm n\u00eb nd\u00ebrtesa. N\u00eb rrafshin profesional e praktik &#8211; p\u00ebr shkak s\u00eb t\u00eb pakt\u00ebn nj\u00eb her\u00eb n\u00eb vit, vler\u00ebsohen veprat arkitektonike anek\u00ebnd bot\u00ebs, gjegj\u00ebsisht ngrit\u00ebt vet\u00ebdija lidhur me misionin dhe impaktin q\u00eb ka n\u00eb shoq\u00ebri, roli i arkitektit &#8211; si bosht i zhvillimit dhe avancimit t\u00eb shum\u00eb proceseve jet\u00ebsore<\/em>.\u201d<\/p>\n<p>N\u00eb nj\u00eb komunikat\u00eb p\u00ebr media nga \u2018\u2019Asociacioni i Arkitekt\u00ebve t\u00eb Kosov\u00ebs\u2019, m\u00ebsuam se \u2018Dita Bot\u00ebrore e Arkitekt\u00ebve\u2019, k\u00ebt\u00eb vit sh\u00ebnohet me tem\u00ebn: &#8220;Mind the Gap. Leave No One and Place Behind&#8221; (Mendoni boshll\u00ebkun. Mos lini ask\u00ebnd dhe vend prapa), q\u00eb shqyrton problemin e pabarazis\u00eb n\u00eb rritje dhe sfidave n\u00eb qytete dhe vendbanime njer\u00ebzore.<\/p>\n","protected":false},"excerpt":{"rendered":"<p>Arkitekt\u00ebt kan\u00eb aft\u00ebsin\u00eb t\u00eb ndryshojn\u00eb bot\u00ebn n\u00ebp\u00ebrmes krijimeve t\u00eb tyre kreative dhe artistike. Arkitektura p\u00ebrve\u00e7 q\u00eb shp\u00ebrfaq n\u00eb hap\u00ebsira publike nd\u00ebrtime t\u00eb bukura, ajo paraqet edhe historin\u00eb dhe kultur\u00ebn e nj\u00eb vendi. Sot, me 3 tetor, bota nderon pun\u00ebn e arkitekt\u00ebve n\u00eb \u2018Dit\u00ebn Bot\u00ebrore t\u00eb Arkitektur\u00ebs\u2019, nj\u00eb dit\u00eb kjo q\u00eb sh\u00ebnohet q\u00eb nga viti 1985,&hellip;<\/p>\n","protected":false},"author":3,"featured_media":64900,"comment_status":"closed","ping_status":"closed","sticky":false,"template":"","format":"standard","meta":{"_monsterinsights_skip_tracking":false,"_monsterinsights_sitenote_active":false,"_monsterinsights_sitenote_note":"","_monsterinsights_sitenote_category":0,"footnotes":""},"categories":[2],"tags":[],"class_list":["post-64899","post","type-post","status-publish","format-standard","has-post-thumbnail","hentry","category-news","category-2","description-off"],"_links":{"self":[{"href":"https:\/\/radiokfor.com\/1\/wp-json\/wp\/v2\/posts\/64899","targetHints":{"allow":["GET"]}}],"collection":[{"href":"https:\/\/radiokfor.com\/1\/wp-json\/wp\/v2\/posts"}],"about":[{"href":"https:\/\/radiokfor.com\/1\/wp-json\/wp\/v2\/types\/post"}],"author":[{"embeddable":true,"href":"https:\/\/radiokfor.com\/1\/wp-json\/wp\/v2\/users\/3"}],"replies":[{"embeddable":true,"href":"https:\/\/radiokfor.com\/1\/wp-json\/wp\/v2\/comments?post=64899"}],"version-history":[{"count":1,"href":"https:\/\/radiokfor.com\/1\/wp-json\/wp\/v2\/posts\/64899\/revisions"}],"predecessor-version":[{"id":64901,"href":"https:\/\/radiokfor.com\/1\/wp-json\/wp\/v2\/posts\/64899\/revisions\/64901"}],"wp:featuredmedia":[{"embeddable":true,"href":"https:\/\/radiokfor.com\/1\/wp-json\/wp\/v2\/media\/64900"}],"wp:attachment":[{"href":"https:\/\/radiokfor.com\/1\/wp-json\/wp\/v2\/media?parent=64899"}],"wp:term":[{"taxonomy":"category","embeddable":true,"href":"https:\/\/radiokfor.com\/1\/wp-json\/wp\/v2\/categories?post=64899"},{"taxonomy":"post_tag","embeddable":true,"href":"https:\/\/radiokfor.com\/1\/wp-json\/wp\/v2\/tags?post=64899"}],"curies":[{"name":"wp","href":"https:\/\/api.w.org\/{rel}","templated":true}]}}