{"id":64863,"date":"2022-10-02T06:01:42","date_gmt":"2022-10-02T04:01:42","guid":{"rendered":"https:\/\/radiokfor.com\/1\/?p=64863"},"modified":"2022-09-30T15:01:35","modified_gmt":"2022-09-30T13:01:35","slug":"nga-dhuna-gjate-nje-viti-vdesin-rreth-1-6-milione-njerez-ne-mbare-boten","status":"publish","type":"post","link":"https:\/\/radiokfor.com\/1\/nga-dhuna-gjate-nje-viti-vdesin-rreth-1-6-milione-njerez-ne-mbare-boten\/","title":{"rendered":"Nga dhuna, gjat\u00eb nj\u00eb viti vdesin rreth 1.6 milion\u00eb njer\u00ebz, n\u00eb mbar\u00eb bot\u00ebn"},"content":{"rendered":"<p>\u00c7do vit, m\u00eb 2 tetor, sh\u00ebnohet \u2018Dita Bot\u00ebrore Kund\u00ebr Dhun\u00ebs\u2019, e cila m\u00ebton t\u00eb p\u00ebrhap mesazhin e paqes n\u00eb k\u00ebrkim t\u00eb nj\u00eb kulture t\u00eb sigurt dhe paq\u00ebsore. E krijuar nga Organizata e Kombeve t\u00eb Bashkuara, n\u00eb vitin 2007, kjo dit\u00eb festohet n\u00eb dat\u00ebn e lindjes s\u00eb Mohandas Karamchand Gandhi-t, i cili njihet gjer\u00ebsisht si nj\u00eb nga udh\u00ebheq\u00ebsit m\u00eb t\u00eb m\u00ebdhenj politik\u00eb dhe shpirt\u00ebror\u00eb t\u00eb shekullit t\u00eb nj\u00ebzet\u00eb.<\/p>\n<p>P\u00ebrgjat\u00eb viteve, shum\u00eb prej udh\u00ebheq\u00ebsve apo politikan\u00ebve bot\u00ebror, kan\u00eb p\u00ebrdorur metoda paq\u00ebsore jo t\u00eb dhunshme, p\u00ebr t\u00eb p\u00ebrcjell\u00eb mesazhin e tyre dhe p\u00ebr t\u00eb nxitur ndryshime, e disa nga k\u00ebta njer\u00ebz p\u00ebrfshijn\u00eb: Martin Luther King, Jr., Dalai Lama, Gautama Buda, etj., mir\u00ebpo m\u00eb i njohuri nga ta, q\u00eb \u00a0p\u00ebrdori metoda ndryshimi dhe jo t\u00eb dhunshme, \u00ebsht\u00eb Mahatma Gandhi. N\u00eb fakt, ky \u00ebsht\u00eb njeriu i cili ndikoi n\u00eb Kombet e Bashkuara, p\u00ebr t\u00eb krijuar \u2018Dit\u00ebn Bot\u00ebrore Kund\u00ebr Dhun\u00ebs\u2019.<\/p>\n<p>P\u00ebr t\u00eb kremtuar k\u00ebt\u00eb dit\u00eb, ne t\u00eb gjith\u00eb duhet ti edukojm\u00eb brezat e rinj, rreth d\u00ebmeve t\u00eb m\u00ebdha q\u00eb kan\u00eb shkaktuar aktet e dhunshme gjat\u00eb historis\u00eb s\u00eb njer\u00ebzimit dhe tu m\u00ebsojm\u00eb atyre q\u00eb t\u00eb b\u00ebhen nj\u00eb drit\u00eb paqeje dhe shprese, kudo q\u00eb t\u00eb shkojn\u00eb.<\/p>\n","protected":false},"excerpt":{"rendered":"<p>\u00c7do vit, m\u00eb 2 tetor, sh\u00ebnohet \u2018Dita Bot\u00ebrore Kund\u00ebr Dhun\u00ebs\u2019, e cila m\u00ebton t\u00eb p\u00ebrhap mesazhin e paqes n\u00eb k\u00ebrkim t\u00eb nj\u00eb kulture t\u00eb sigurt dhe paq\u00ebsore. E krijuar nga Organizata e Kombeve t\u00eb Bashkuara, n\u00eb vitin 2007, kjo dit\u00eb festohet n\u00eb dat\u00ebn e lindjes s\u00eb Mohandas Karamchand Gandhi-t, i cili njihet gjer\u00ebsisht si nj\u00eb&hellip;<\/p>\n","protected":false},"author":3,"featured_media":64864,"comment_status":"closed","ping_status":"closed","sticky":false,"template":"","format":"standard","meta":{"_monsterinsights_skip_tracking":false,"_monsterinsights_sitenote_active":false,"_monsterinsights_sitenote_note":"","_monsterinsights_sitenote_category":0,"footnotes":""},"categories":[2],"tags":[],"class_list":["post-64863","post","type-post","status-publish","format-standard","has-post-thumbnail","hentry","category-news","category-2","description-off"],"_links":{"self":[{"href":"https:\/\/radiokfor.com\/1\/wp-json\/wp\/v2\/posts\/64863","targetHints":{"allow":["GET"]}}],"collection":[{"href":"https:\/\/radiokfor.com\/1\/wp-json\/wp\/v2\/posts"}],"about":[{"href":"https:\/\/radiokfor.com\/1\/wp-json\/wp\/v2\/types\/post"}],"author":[{"embeddable":true,"href":"https:\/\/radiokfor.com\/1\/wp-json\/wp\/v2\/users\/3"}],"replies":[{"embeddable":true,"href":"https:\/\/radiokfor.com\/1\/wp-json\/wp\/v2\/comments?post=64863"}],"version-history":[{"count":1,"href":"https:\/\/radiokfor.com\/1\/wp-json\/wp\/v2\/posts\/64863\/revisions"}],"predecessor-version":[{"id":64865,"href":"https:\/\/radiokfor.com\/1\/wp-json\/wp\/v2\/posts\/64863\/revisions\/64865"}],"wp:featuredmedia":[{"embeddable":true,"href":"https:\/\/radiokfor.com\/1\/wp-json\/wp\/v2\/media\/64864"}],"wp:attachment":[{"href":"https:\/\/radiokfor.com\/1\/wp-json\/wp\/v2\/media?parent=64863"}],"wp:term":[{"taxonomy":"category","embeddable":true,"href":"https:\/\/radiokfor.com\/1\/wp-json\/wp\/v2\/categories?post=64863"},{"taxonomy":"post_tag","embeddable":true,"href":"https:\/\/radiokfor.com\/1\/wp-json\/wp\/v2\/tags?post=64863"}],"curies":[{"name":"wp","href":"https:\/\/api.w.org\/{rel}","templated":true}]}}