{"id":64831,"date":"2022-10-01T06:10:34","date_gmt":"2022-10-01T04:10:34","guid":{"rendered":"https:\/\/radiokfor.com\/1\/?p=64831"},"modified":"2022-10-01T16:42:36","modified_gmt":"2022-10-01T14:42:36","slug":"te-rejat-javore-ne-teknologji-56","status":"publish","type":"post","link":"https:\/\/radiokfor.com\/1\/te-rejat-javore-ne-teknologji-56\/","title":{"rendered":"T\u00eb rejat javore n\u00eb teknologji"},"content":{"rendered":"<p>P\u00ebrmbledhjen javore e fillojm\u00eb me rrjetin social Instagram, i cili ka njoftuar p\u00ebr nj\u00eb mund\u00ebsi t\u00eb re p\u00ebr p\u00ebrdoruesit e tyre. Storiet, t\u00eb cilat ndaheshin automatikisht pas 15 sekondash klip, tashm\u00eb do t\u00eb mund t\u00eb postohen t\u00eb plota deri n\u00eb 60 sekonda.<\/p>\n<p>Edhe TikTok-u, \u00ebsht\u00eb po ashtu pjes\u00eb e mediave teknologjike k\u00ebt\u00eb jav\u00eb. Aplikacioni mund t\u00eb p\u00ebrballet me gjob\u00eb prej 27 milion\u00eb funtesh, pasi besohet se ka d\u00ebshtuar n\u00eb mbrojtjen e privat\u00ebsis\u00eb s\u00eb f\u00ebmij\u00ebve, p\u00ebr periudh\u00ebn kohore, kur ata e p\u00ebrdorin k\u00ebt\u00eb platform\u00eb. Zyra e Komisionarit t\u00eb Informacionit t\u00eb Mbret\u00ebris\u00eb s\u00eb Bashkuar, ka njoftuar se ky rrjet social mund t\u00eb ket\u00eb p\u00ebrpunuar t\u00eb dh\u00ebnat e f\u00ebmij\u00ebve n\u00ebn mosh\u00ebn 13 vje\u00e7, pa p\u00eblqimin prind\u00ebror.<\/p>\n<p>Sot, 1 tetor dhe p\u00ebrgjat\u00eb dit\u00ebs s\u00eb nes\u00ebrme, 2 tetor, n\u00eb Kosov\u00eb po organizohet gara nd\u00ebrkomb\u00ebtare \u2018NASA Space Apps\u2019, e cila po organizohet n\u00eb vende t\u00eb ndryshme, nga e mbar\u00eb bota. Gara \u00ebsht\u00eb organizuar nga Innovation Centre Kosovo (ICK) p\u00ebr t\u00eb tetin vit me radh\u00eb, nd\u00ebrsa kjo gar\u00eb u ofron pjes\u00ebmarr\u00ebsve t\u00eb dh\u00ebnat e hapura t\u00eb NASA-s\u00eb, me q\u00ebllim t\u00eb krijimit t\u00eb projekteve inovative n\u00eb robotik\u00eb, vizuelizim t\u00eb t\u00eb dh\u00ebnave, aplikacione dhe dizajn.<\/p>\n","protected":false},"excerpt":{"rendered":"<p>P\u00ebrmbledhjen javore e fillojm\u00eb me rrjetin social Instagram, i cili ka njoftuar p\u00ebr nj\u00eb mund\u00ebsi t\u00eb re p\u00ebr p\u00ebrdoruesit e tyre. Storiet, t\u00eb cilat ndaheshin automatikisht pas 15 sekondash klip, tashm\u00eb do t\u00eb mund t\u00eb postohen t\u00eb plota deri n\u00eb 60 sekonda. Edhe TikTok-u, \u00ebsht\u00eb po ashtu pjes\u00eb e mediave teknologjike k\u00ebt\u00eb jav\u00eb. Aplikacioni mund&hellip;<\/p>\n","protected":false},"author":3,"featured_media":64832,"comment_status":"closed","ping_status":"closed","sticky":false,"template":"","format":"standard","meta":{"_monsterinsights_skip_tracking":false,"_monsterinsights_sitenote_active":false,"_monsterinsights_sitenote_note":"","_monsterinsights_sitenote_category":0,"footnotes":""},"categories":[2],"tags":[],"class_list":["post-64831","post","type-post","status-publish","format-standard","has-post-thumbnail","hentry","category-news","category-2","description-off"],"_links":{"self":[{"href":"https:\/\/radiokfor.com\/1\/wp-json\/wp\/v2\/posts\/64831","targetHints":{"allow":["GET"]}}],"collection":[{"href":"https:\/\/radiokfor.com\/1\/wp-json\/wp\/v2\/posts"}],"about":[{"href":"https:\/\/radiokfor.com\/1\/wp-json\/wp\/v2\/types\/post"}],"author":[{"embeddable":true,"href":"https:\/\/radiokfor.com\/1\/wp-json\/wp\/v2\/users\/3"}],"replies":[{"embeddable":true,"href":"https:\/\/radiokfor.com\/1\/wp-json\/wp\/v2\/comments?post=64831"}],"version-history":[{"count":1,"href":"https:\/\/radiokfor.com\/1\/wp-json\/wp\/v2\/posts\/64831\/revisions"}],"predecessor-version":[{"id":64833,"href":"https:\/\/radiokfor.com\/1\/wp-json\/wp\/v2\/posts\/64831\/revisions\/64833"}],"wp:featuredmedia":[{"embeddable":true,"href":"https:\/\/radiokfor.com\/1\/wp-json\/wp\/v2\/media\/64832"}],"wp:attachment":[{"href":"https:\/\/radiokfor.com\/1\/wp-json\/wp\/v2\/media?parent=64831"}],"wp:term":[{"taxonomy":"category","embeddable":true,"href":"https:\/\/radiokfor.com\/1\/wp-json\/wp\/v2\/categories?post=64831"},{"taxonomy":"post_tag","embeddable":true,"href":"https:\/\/radiokfor.com\/1\/wp-json\/wp\/v2\/tags?post=64831"}],"curies":[{"name":"wp","href":"https:\/\/api.w.org\/{rel}","templated":true}]}}