{"id":64781,"date":"2022-09-26T13:52:19","date_gmt":"2022-09-26T11:52:19","guid":{"rendered":"https:\/\/radiokfor.com\/1\/?p=64781"},"modified":"2022-09-26T13:52:19","modified_gmt":"2022-09-26T11:52:19","slug":"vetem-1-rast-pozitiv-me-covid-19","status":"publish","type":"post","link":"https:\/\/radiokfor.com\/1\/vetem-1-rast-pozitiv-me-covid-19\/","title":{"rendered":"Vet\u00ebm 1 rast pozitiv me COVID-19"},"content":{"rendered":"<p>Situata me COVID-19 n\u00eb Kosov\u00eb, po vazhdon t\u00eb jet\u00eb stabile dhe numri i rasteve pozitive, p\u00ebr fat t\u00eb mir\u00eb gjat\u00eb jav\u00ebve t\u00eb fundit ka qen\u00eb nj\u00eb shifror dhe nuk ka pasur viktima, mir\u00ebpo nga ekspert\u00ebt sh\u00ebndet\u00ebsor s\u00ebrish po k\u00ebrkohet q\u00eb t\u00eb jemi t\u00eb p\u00ebrgjegjsh\u00ebm n\u00eb respektimin e masave anti-Covid.<\/p>\n<p>M\u00eb shum\u00eb rreth gjendjes aktuale me COVID-19 n\u00eb Kosov\u00eb, p\u00ebr Radio KFOR-in foli Specialisti i Pulmologjis\u00eb, Dr. Besim Morina: <em>\u201cPandemia COVID-19 p\u00ebr fat t\u00eb mir\u00eb \u00ebsht\u00eb n\u00eb pjes\u00ebn e r\u00ebnies dhe numri i pacient\u00ebve q\u00eb jan\u00eb t\u00eb infektuar, tanim\u00eb po bie dhe ne ndihemi shum\u00eb m\u00eb t\u00eb lir\u00eb sepse m\u00eb nuk kemi t\u00eb b\u00ebjm\u00eb me nj\u00eb s\u00ebmundje t\u00eb r\u00ebnd\u00eb. Kjo nuk do t\u00eb thot\u00eb q\u00eb ne duhet t\u00eb humbim vigjilenc\u00ebn, n\u00ebse vjen nj\u00eb val\u00eb tjet\u00ebr e k\u00ebtij virusi, duhet t\u00eb jemi t\u00eb gatsh\u00ebm ta p\u00ebrballojm\u00eb at\u00eb.\u201d<\/em><\/p>\n<p>Sipas raportit t\u00eb fundi t\u00eb IKSHPK-s\u00eb, gjat\u00eb 24 or\u00ebve t\u00eb fundit, nga 32 teste, vet\u00ebm 1\u00a0 ka rezultuar pozitiv me CoViD-19, gjat\u00eb k\u00ebsaj periudhe 7 pacient\u00eb jan\u00eb sh\u00ebruar dhe p\u00ebr fat t\u00eb mir\u00eb nuk ka pasur asnj\u00eb vdekje.<\/p>\n","protected":false},"excerpt":{"rendered":"<p>Situata me COVID-19 n\u00eb Kosov\u00eb, po vazhdon t\u00eb jet\u00eb stabile dhe numri i rasteve pozitive, p\u00ebr fat t\u00eb mir\u00eb gjat\u00eb jav\u00ebve t\u00eb fundit ka qen\u00eb nj\u00eb shifror dhe nuk ka pasur viktima, mir\u00ebpo nga ekspert\u00ebt sh\u00ebndet\u00ebsor s\u00ebrish po k\u00ebrkohet q\u00eb t\u00eb jemi t\u00eb p\u00ebrgjegjsh\u00ebm n\u00eb respektimin e masave anti-Covid. M\u00eb shum\u00eb rreth gjendjes aktuale me&hellip;<\/p>\n","protected":false},"author":6,"featured_media":64782,"comment_status":"closed","ping_status":"closed","sticky":false,"template":"","format":"standard","meta":{"_monsterinsights_skip_tracking":false,"_monsterinsights_sitenote_active":false,"_monsterinsights_sitenote_note":"","_monsterinsights_sitenote_category":0,"footnotes":""},"categories":[2],"tags":[],"class_list":["post-64781","post","type-post","status-publish","format-standard","has-post-thumbnail","hentry","category-news","category-2","description-off"],"_links":{"self":[{"href":"https:\/\/radiokfor.com\/1\/wp-json\/wp\/v2\/posts\/64781","targetHints":{"allow":["GET"]}}],"collection":[{"href":"https:\/\/radiokfor.com\/1\/wp-json\/wp\/v2\/posts"}],"about":[{"href":"https:\/\/radiokfor.com\/1\/wp-json\/wp\/v2\/types\/post"}],"author":[{"embeddable":true,"href":"https:\/\/radiokfor.com\/1\/wp-json\/wp\/v2\/users\/6"}],"replies":[{"embeddable":true,"href":"https:\/\/radiokfor.com\/1\/wp-json\/wp\/v2\/comments?post=64781"}],"version-history":[{"count":1,"href":"https:\/\/radiokfor.com\/1\/wp-json\/wp\/v2\/posts\/64781\/revisions"}],"predecessor-version":[{"id":64783,"href":"https:\/\/radiokfor.com\/1\/wp-json\/wp\/v2\/posts\/64781\/revisions\/64783"}],"wp:featuredmedia":[{"embeddable":true,"href":"https:\/\/radiokfor.com\/1\/wp-json\/wp\/v2\/media\/64782"}],"wp:attachment":[{"href":"https:\/\/radiokfor.com\/1\/wp-json\/wp\/v2\/media?parent=64781"}],"wp:term":[{"taxonomy":"category","embeddable":true,"href":"https:\/\/radiokfor.com\/1\/wp-json\/wp\/v2\/categories?post=64781"},{"taxonomy":"post_tag","embeddable":true,"href":"https:\/\/radiokfor.com\/1\/wp-json\/wp\/v2\/tags?post=64781"}],"curies":[{"name":"wp","href":"https:\/\/api.w.org\/{rel}","templated":true}]}}