{"id":64572,"date":"2022-09-02T11:21:47","date_gmt":"2022-09-02T09:21:47","guid":{"rendered":"https:\/\/radiokfor.com\/1\/?p=64572"},"modified":"2022-09-02T11:21:47","modified_gmt":"2022-09-02T09:21:47","slug":"radio-kfor-i-nis-kampanjen-e-gastronomise-me-ekspertin-e-koktejeve-z-ideal-tafarshiku","status":"publish","type":"post","link":"https:\/\/radiokfor.com\/1\/radio-kfor-i-nis-kampanjen-e-gastronomise-me-ekspertin-e-koktejeve-z-ideal-tafarshiku\/","title":{"rendered":"Radio KFOR-i nis kampanj\u00ebn e gastronomis\u00eb, me ekspertin e koktejeve, z. Ideal Tafarshiku"},"content":{"rendered":"<p>N\u00eb vazhd\u00ebn e realizimit t\u00eb kampanjave t\u00eb ndryshme, Radio KFOR-i, muajin shtator ia dedikon gastronomis\u00eb, p\u00ebr t\u00eb promovuar pun\u00ebn e tyre dhe gjat\u00eb t\u00ebr\u00eb k\u00ebtij muaji, n\u00eb studio do t\u00eb kemi mysafir\u00eb t\u00eb ndrysh\u00ebm, t\u00eb k\u00ebsaj fushe. Kampanj\u00ebn e filluam sot (02.09.22), me mysafirin e par\u00eb, ekspertin e koktejeve t\u00eb shijshme dhe shum\u00eb ngjyr\u00ebshe, z. Ideal Tafarshiku.<\/p>\n<p>I ftuar n\u00eb kuad\u00ebr t\u00eb emisionit t\u00eb m\u00ebngjesit, Ideali, shpalosi shum\u00eb detaje e sekrete nga puna e tij, t\u00eb cil\u00ebn e konsideron edhe pasion dhe po ashtu foli edhe p\u00ebr studion q\u00eb ai drejton, e q\u00eb \u00ebsht\u00eb e hapur p\u00ebr t\u00eb gjith\u00eb t\u00eb rinjt\u00eb q\u00eb p\u00eblqejn\u00eb k\u00ebt\u00eb profesion: <em>\u201cDua q\u00eb ato q\u00eb sot i di un\u00eb, e q\u00eb dikur i kam m\u00ebsuar nga nj\u00eb profesor holandez, t\u00eb ia p\u00ebrcjell\u00eb edhe t\u00eb rinjve t\u00eb tjer\u00eb, q\u00eb mund t\u00eb jen\u00eb t\u00eb interesuar. Mund t\u00eb them q\u00eb nuk e kam pasur t\u00eb r\u00ebnd\u00eb dep\u00ebrtimin tim n\u00eb treg, fal\u00eb komunikimit t\u00eb mir\u00ebfillt\u00eb q\u00eb e kam pasur dhe vazhdoj ta kem me klient\u00ebt, gjithmon\u00eb n\u00eb tendenc\u00eb, rritjen e kualitetit. Dikur kemi qen\u00eb prapa, por sot, jemi shum\u00eb p\u00ebrpara n\u00eb k\u00ebt\u00eb aspekt. E sa i p\u00ebrket pijeve m\u00eb t\u00eb k\u00ebrkuara t\u00eb k\u00ebsaj vere, kan\u00eb dominuar koktejet me fruta tropikale, e sidomos ai me pjep\u00ebr, ka qen\u00eb nd\u00ebr m\u00eb t\u00eb k\u00ebrkuarit\u201d,<\/em> n\u00ebnvizoi Ideali.<\/p>\n<p>N\u00eb studion q\u00eb ai drejton \u2018Studyo\u2019, emri i t\u00eb cilit \u00ebsht\u00eb kombinim i fjal\u00ebve Studio dhe Studim, jan\u00eb t\u00eb pun\u00ebsuar shum\u00eb t\u00eb rinj, t\u00eb cil\u00ebt n\u00ebn udh\u00ebheqjen e tij, operojn\u00eb edhe jasht\u00eb vendit, duke p\u00ebrfshir\u00eb Maqedonin\u00eb e Veriut, Austrin\u00eb, Gjermanin\u00eb dhe Belgjik\u00ebn.<\/p>\n","protected":false},"excerpt":{"rendered":"<p>N\u00eb vazhd\u00ebn e realizimit t\u00eb kampanjave t\u00eb ndryshme, Radio KFOR-i, muajin shtator ia dedikon gastronomis\u00eb, p\u00ebr t\u00eb promovuar pun\u00ebn e tyre dhe gjat\u00eb t\u00ebr\u00eb k\u00ebtij muaji, n\u00eb studio do t\u00eb kemi mysafir\u00eb t\u00eb ndrysh\u00ebm, t\u00eb k\u00ebsaj fushe. Kampanj\u00ebn e filluam sot (02.09.22), me mysafirin e par\u00eb, ekspertin e koktejeve t\u00eb shijshme dhe shum\u00eb ngjyr\u00ebshe, z.&hellip;<\/p>\n","protected":false},"author":3,"featured_media":64573,"comment_status":"closed","ping_status":"closed","sticky":false,"template":"","format":"standard","meta":{"_monsterinsights_skip_tracking":false,"_monsterinsights_sitenote_active":false,"_monsterinsights_sitenote_note":"","_monsterinsights_sitenote_category":0,"footnotes":""},"categories":[2],"tags":[],"class_list":["post-64572","post","type-post","status-publish","format-standard","has-post-thumbnail","hentry","category-news","category-2","description-off"],"_links":{"self":[{"href":"https:\/\/radiokfor.com\/1\/wp-json\/wp\/v2\/posts\/64572","targetHints":{"allow":["GET"]}}],"collection":[{"href":"https:\/\/radiokfor.com\/1\/wp-json\/wp\/v2\/posts"}],"about":[{"href":"https:\/\/radiokfor.com\/1\/wp-json\/wp\/v2\/types\/post"}],"author":[{"embeddable":true,"href":"https:\/\/radiokfor.com\/1\/wp-json\/wp\/v2\/users\/3"}],"replies":[{"embeddable":true,"href":"https:\/\/radiokfor.com\/1\/wp-json\/wp\/v2\/comments?post=64572"}],"version-history":[{"count":1,"href":"https:\/\/radiokfor.com\/1\/wp-json\/wp\/v2\/posts\/64572\/revisions"}],"predecessor-version":[{"id":64574,"href":"https:\/\/radiokfor.com\/1\/wp-json\/wp\/v2\/posts\/64572\/revisions\/64574"}],"wp:featuredmedia":[{"embeddable":true,"href":"https:\/\/radiokfor.com\/1\/wp-json\/wp\/v2\/media\/64573"}],"wp:attachment":[{"href":"https:\/\/radiokfor.com\/1\/wp-json\/wp\/v2\/media?parent=64572"}],"wp:term":[{"taxonomy":"category","embeddable":true,"href":"https:\/\/radiokfor.com\/1\/wp-json\/wp\/v2\/categories?post=64572"},{"taxonomy":"post_tag","embeddable":true,"href":"https:\/\/radiokfor.com\/1\/wp-json\/wp\/v2\/tags?post=64572"}],"curies":[{"name":"wp","href":"https:\/\/api.w.org\/{rel}","templated":true}]}}