{"id":64478,"date":"2022-08-30T05:56:05","date_gmt":"2022-08-30T03:56:05","guid":{"rendered":"https:\/\/radiokfor.com\/1\/?p=64478"},"modified":"2022-08-26T12:56:57","modified_gmt":"2022-08-26T10:56:57","slug":"shenohet-sot-dita-nderkombetare-e-peshkaqenit-balene","status":"publish","type":"post","link":"https:\/\/radiokfor.com\/1\/shenohet-sot-dita-nderkombetare-e-peshkaqenit-balene\/","title":{"rendered":"Sh\u00ebnohet sot \u201cDita Nd\u00ebrkomb\u00ebtare e Peshkaqenit Balen\u00eb\u201d"},"content":{"rendered":"<p>Pavar\u00ebsisht se peshkaqeni balene, \u00ebsht\u00eb peshkaqeni m\u00eb i madh q\u00eb ekziston n\u00eb bot\u00eb, i cili arrin nj\u00eb gjat\u00ebsi prej 23 metra dhe peshon rreth 20 ton\u00eb, ai nuk \u00ebsht\u00eb i rreziksh\u00ebm p\u00ebr njeriun.<\/p>\n<p>Peshkaqeni balen\u00eb, njihet edhe p\u00ebr sjelljen e tij t\u00eb ngadalt\u00eb dhe t\u00eb but\u00eb dhe gjendet n\u00eb uj\u00ebrat e Oqeanit Paq\u00ebsor, Atlantik dhe at\u00eb Indian. P\u00ebr shkak t\u00eb faktor\u00ebve t\u00eb till\u00eb, peshkaqeni balen\u00eb \u00ebsht\u00eb jasht\u00ebzakonisht i leht\u00eb p\u00ebr tu peshkuar dhe tregu i tyre ka \u00e7uar n\u00eb nj\u00eb ulje prej 63% t\u00eb popullsis\u00eb s\u00eb tyre.<\/p>\n<p>Kjo \u00ebsht\u00eb nj\u00eb situat\u00eb alarmante, prandaj data e sotme, 30 gusht, i dedikohet pik\u00ebrisht \u201cDit\u00ebs Nd\u00ebrkomb\u00ebtare t\u00eb Peshkaqenit Balen\u00eb\u201d, e cila m\u00ebton t\u00eb nxjerr\u00eb n\u00eb pah mrekullin\u00eb dhe rolin e tij, n\u00eb mbajtjen e ekosistemit, oqeanit t\u00eb sh\u00ebndetsh\u00ebm dhe t\u00eb ekuilibruar si dhe b\u00ebn vet\u00ebdijesimin e njer\u00ebzve, p\u00ebr t\u00eb punuar kolektivisht dhe p\u00ebr t&#8217;u siguruar q\u00eb t\u00eb mos humbasim k\u00ebt\u00eb gjigant, q\u00eb \u00ebsht\u00eb n\u00eb zhdukje e sip\u00ebr.<\/p>\n","protected":false},"excerpt":{"rendered":"<p>Pavar\u00ebsisht se peshkaqeni balene, \u00ebsht\u00eb peshkaqeni m\u00eb i madh q\u00eb ekziston n\u00eb bot\u00eb, i cili arrin nj\u00eb gjat\u00ebsi prej 23 metra dhe peshon rreth 20 ton\u00eb, ai nuk \u00ebsht\u00eb i rreziksh\u00ebm p\u00ebr njeriun. Peshkaqeni balen\u00eb, njihet edhe p\u00ebr sjelljen e tij t\u00eb ngadalt\u00eb dhe t\u00eb but\u00eb dhe gjendet n\u00eb uj\u00ebrat e Oqeanit Paq\u00ebsor, Atlantik dhe&hellip;<\/p>\n","protected":false},"author":7,"featured_media":64479,"comment_status":"closed","ping_status":"closed","sticky":false,"template":"","format":"standard","meta":{"_monsterinsights_skip_tracking":false,"_monsterinsights_sitenote_active":false,"_monsterinsights_sitenote_note":"","_monsterinsights_sitenote_category":0,"footnotes":""},"categories":[2],"tags":[],"class_list":["post-64478","post","type-post","status-publish","format-standard","has-post-thumbnail","hentry","category-news","category-2","description-off"],"_links":{"self":[{"href":"https:\/\/radiokfor.com\/1\/wp-json\/wp\/v2\/posts\/64478","targetHints":{"allow":["GET"]}}],"collection":[{"href":"https:\/\/radiokfor.com\/1\/wp-json\/wp\/v2\/posts"}],"about":[{"href":"https:\/\/radiokfor.com\/1\/wp-json\/wp\/v2\/types\/post"}],"author":[{"embeddable":true,"href":"https:\/\/radiokfor.com\/1\/wp-json\/wp\/v2\/users\/7"}],"replies":[{"embeddable":true,"href":"https:\/\/radiokfor.com\/1\/wp-json\/wp\/v2\/comments?post=64478"}],"version-history":[{"count":1,"href":"https:\/\/radiokfor.com\/1\/wp-json\/wp\/v2\/posts\/64478\/revisions"}],"predecessor-version":[{"id":64480,"href":"https:\/\/radiokfor.com\/1\/wp-json\/wp\/v2\/posts\/64478\/revisions\/64480"}],"wp:featuredmedia":[{"embeddable":true,"href":"https:\/\/radiokfor.com\/1\/wp-json\/wp\/v2\/media\/64479"}],"wp:attachment":[{"href":"https:\/\/radiokfor.com\/1\/wp-json\/wp\/v2\/media?parent=64478"}],"wp:term":[{"taxonomy":"category","embeddable":true,"href":"https:\/\/radiokfor.com\/1\/wp-json\/wp\/v2\/categories?post=64478"},{"taxonomy":"post_tag","embeddable":true,"href":"https:\/\/radiokfor.com\/1\/wp-json\/wp\/v2\/tags?post=64478"}],"curies":[{"name":"wp","href":"https:\/\/api.w.org\/{rel}","templated":true}]}}