{"id":64353,"date":"2022-08-18T10:43:40","date_gmt":"2022-08-18T08:43:40","guid":{"rendered":"https:\/\/radiokfor.com\/1\/?p=64353"},"modified":"2022-08-18T10:43:40","modified_gmt":"2022-08-18T08:43:40","slug":"kosova-vazhdon-te-perballet-edhe-me-tutje-me-reduktime-te-energjise-elektrike","status":"publish","type":"post","link":"https:\/\/radiokfor.com\/1\/kosova-vazhdon-te-perballet-edhe-me-tutje-me-reduktime-te-energjise-elektrike\/","title":{"rendered":"Kosova vazhdon t\u00eb p\u00ebrballet edhe m\u00eb tutje me reduktime t\u00eb energjis\u00eb elektrike"},"content":{"rendered":"<p>Bazuar n\u00eb njoftimin e Kompanis\u00eb Kosovare p\u00ebr Distribuim me Energji Elektrike (KEDS), nga fillimi i k\u00ebsaj jave, nga dita e h\u00ebn\u00eb, kan\u00eb nisur reduktimet me energji elektrike, pas urdh\u00ebres\u00ebs nga Operatori i Sistemit, Transmisionit dhe Tregut (KOSTT), q\u00eb t\u00eb filloj\u00eb me kufizimet e energjis\u00eb elektrike.<\/p>\n<p>P\u00ebr t\u00eb ditur rreth gjendjes momentale, Radio KFOR-i intervistoi z\u00ebdh\u00ebn\u00ebsin e KEDS-it, Viktor Buzhala i cili tha: <em>\u201cP\u00ebr momentin ka kufizime t\u00eb energjis\u00eb elektrike, kjo p\u00ebr shkak se mungon nj\u00eb sasi e energjis\u00eb p\u00ebr t\u00eb mbuluar k\u00ebrkes\u00ebn. Fatmir\u00ebsisht, jan\u00eb disa shenja pozitive t\u00eb cilat duken n\u00eb horizont dhe mund t\u00eb ket\u00eb p\u00ebrmir\u00ebsime t\u00eb situat\u00ebs n\u00eb dit\u00ebt n\u00eb vijim\u201d.<\/em><\/p>\n<p>Z.Buzhala, theksoi se gjendja momentale po monitorohet or\u00eb pas ore, por q\u00eb edhe m\u00eb tutje sipas tij mbetet mesazhi i nj\u00ebjt\u00eb, t\u00eb kursehet energjia elektrike aty ku ka mund\u00ebsi!<\/p>\n","protected":false},"excerpt":{"rendered":"<p>Bazuar n\u00eb njoftimin e Kompanis\u00eb Kosovare p\u00ebr Distribuim me Energji Elektrike (KEDS), nga fillimi i k\u00ebsaj jave, nga dita e h\u00ebn\u00eb, kan\u00eb nisur reduktimet me energji elektrike, pas urdh\u00ebres\u00ebs nga Operatori i Sistemit, Transmisionit dhe Tregut (KOSTT), q\u00eb t\u00eb filloj\u00eb me kufizimet e energjis\u00eb elektrike. P\u00ebr t\u00eb ditur rreth gjendjes momentale, Radio KFOR-i intervistoi z\u00ebdh\u00ebn\u00ebsin&hellip;<\/p>\n","protected":false},"author":7,"featured_media":64354,"comment_status":"closed","ping_status":"closed","sticky":false,"template":"","format":"standard","meta":{"_monsterinsights_skip_tracking":false,"_monsterinsights_sitenote_active":false,"_monsterinsights_sitenote_note":"","_monsterinsights_sitenote_category":0,"footnotes":""},"categories":[2],"tags":[],"class_list":["post-64353","post","type-post","status-publish","format-standard","has-post-thumbnail","hentry","category-news","category-2","description-off"],"_links":{"self":[{"href":"https:\/\/radiokfor.com\/1\/wp-json\/wp\/v2\/posts\/64353","targetHints":{"allow":["GET"]}}],"collection":[{"href":"https:\/\/radiokfor.com\/1\/wp-json\/wp\/v2\/posts"}],"about":[{"href":"https:\/\/radiokfor.com\/1\/wp-json\/wp\/v2\/types\/post"}],"author":[{"embeddable":true,"href":"https:\/\/radiokfor.com\/1\/wp-json\/wp\/v2\/users\/7"}],"replies":[{"embeddable":true,"href":"https:\/\/radiokfor.com\/1\/wp-json\/wp\/v2\/comments?post=64353"}],"version-history":[{"count":1,"href":"https:\/\/radiokfor.com\/1\/wp-json\/wp\/v2\/posts\/64353\/revisions"}],"predecessor-version":[{"id":64355,"href":"https:\/\/radiokfor.com\/1\/wp-json\/wp\/v2\/posts\/64353\/revisions\/64355"}],"wp:featuredmedia":[{"embeddable":true,"href":"https:\/\/radiokfor.com\/1\/wp-json\/wp\/v2\/media\/64354"}],"wp:attachment":[{"href":"https:\/\/radiokfor.com\/1\/wp-json\/wp\/v2\/media?parent=64353"}],"wp:term":[{"taxonomy":"category","embeddable":true,"href":"https:\/\/radiokfor.com\/1\/wp-json\/wp\/v2\/categories?post=64353"},{"taxonomy":"post_tag","embeddable":true,"href":"https:\/\/radiokfor.com\/1\/wp-json\/wp\/v2\/tags?post=64353"}],"curies":[{"name":"wp","href":"https:\/\/api.w.org\/{rel}","templated":true}]}}