{"id":64192,"date":"2022-08-10T14:41:01","date_gmt":"2022-08-10T12:41:01","guid":{"rendered":"https:\/\/radiokfor.com\/1\/?p=64192"},"modified":"2022-08-10T14:42:29","modified_gmt":"2022-08-10T12:42:29","slug":"kafshet-na-ishte-nje-here-prezantim-nga-driant-zeneli-ne-kuader-te-manifesta-14","status":"publish","type":"post","link":"https:\/\/radiokfor.com\/1\/kafshet-na-ishte-nje-here-prezantim-nga-driant-zeneli-ne-kuader-te-manifesta-14\/","title":{"rendered":"\u2018Kafsh\u00ebt. Na ishte nj\u00eb her\u00eb\u2026\u2019, prezantim nga Driant Zeneli, n\u00eb kuad\u00ebr t\u00eb \u2018Manifesta 14\u2019"},"content":{"rendered":"<p>Manifesta 14\u2019 n\u00eb Prishtin\u00eb, po vazhdon t\u00eb sjell\u00eb aktivitete t\u00eb ndryshme n\u00eb vendin ton\u00eb. P\u00ebrgjat\u00eb k\u00ebsaj jave, artdash\u00ebsit do t\u00eb ken\u00eb mund\u00ebsi t\u00eb shohin nga af\u00ebr pun\u00ebtori, ekspozita, panele diskutimi e shum\u00eb aktivitete t\u00eb tjera.<\/p>\n<p>Nd\u00ebrsa sot (10.08.22) n\u00eb katin e n\u00ebnt\u00eb, t\u00eb Grand Hotel Prishtina, nga ora 18:00 deri n\u00eb or\u00ebn 19:00, do t\u00eb b\u00ebhet prezantimi \u201cKafsh\u00ebt. Na ishte nj\u00eb her\u00eb\u2026 N\u00eb koh\u00ebn e tashme\u201d, nga artisti z. Driant Zeneli.<\/p>\n<p>E n\u00eb lidhje me k\u00ebt\u00eb aktivitet, Radio KFOR-i ka biseduar me Koordinatoren p\u00ebr Media n\u00eb Manifesta, znj. Nita Deda, e cila dha detaje shtes\u00eb rreth artistit dhe gjith\u00eb ngjarjes: <em>\u201cK\u00ebrkimi i Driant Zenelit, p\u00ebrkufizon iden\u00eb e humbjes, utopis\u00eb dhe \u00ebnd\u00ebrrimit, duke i pozicionuar ato si ide q\u00eb hapin shteg p\u00ebr mund\u00ebsi t\u00eb tjera. Zeneli punon mes formave t\u00eb ndryshme t\u00eb prodhimit artistik, nga vizatimi tek filmi e perfomancat.\u201d<\/em><\/p>\n<p>Artisti z. Zeneli, q\u00eb nga viti 2008 ka nisur nj\u00eb projekt t\u00eb edukimit p\u00ebrmes artit dedikuar marr\u00ebdh\u00ebnies mes praktik\u00ebs dhe k\u00ebrkimit, duke hulumtuar praktika alternative t\u00eb edukimit dhe krijimit.<\/p>\n<p><img loading=\"lazy\" decoding=\"async\" class=\"alignnone size-medium wp-image-64196\" src=\"https:\/\/radiokfor.com\/1\/wp-content\/uploads\/2022\/08\/Manifesta-1-300x145.jpg\" alt=\"\" width=\"300\" height=\"145\" srcset=\"https:\/\/radiokfor.com\/1\/wp-content\/uploads\/2022\/08\/Manifesta-1-300x145.jpg 300w, https:\/\/radiokfor.com\/1\/wp-content\/uploads\/2022\/08\/Manifesta-1-1024x495.jpg 1024w, https:\/\/radiokfor.com\/1\/wp-content\/uploads\/2022\/08\/Manifesta-1-768x371.jpg 768w, https:\/\/radiokfor.com\/1\/wp-content\/uploads\/2022\/08\/Manifesta-1.jpg 1152w\" sizes=\"auto, (max-width: 300px) 100vw, 300px\" \/><\/p>\n","protected":false},"excerpt":{"rendered":"<p>Manifesta 14\u2019 n\u00eb Prishtin\u00eb, po vazhdon t\u00eb sjell\u00eb aktivitete t\u00eb ndryshme n\u00eb vendin ton\u00eb. P\u00ebrgjat\u00eb k\u00ebsaj jave, artdash\u00ebsit do t\u00eb ken\u00eb mund\u00ebsi t\u00eb shohin nga af\u00ebr pun\u00ebtori, ekspozita, panele diskutimi e shum\u00eb aktivitete t\u00eb tjera. Nd\u00ebrsa sot (10.08.22) n\u00eb katin e n\u00ebnt\u00eb, t\u00eb Grand Hotel Prishtina, nga ora 18:00 deri n\u00eb or\u00ebn 19:00, do t\u00eb&hellip;<\/p>\n","protected":false},"author":6,"featured_media":64193,"comment_status":"closed","ping_status":"closed","sticky":false,"template":"","format":"standard","meta":{"_monsterinsights_skip_tracking":false,"_monsterinsights_sitenote_active":false,"_monsterinsights_sitenote_note":"","_monsterinsights_sitenote_category":0,"footnotes":""},"categories":[2],"tags":[],"class_list":["post-64192","post","type-post","status-publish","format-standard","has-post-thumbnail","hentry","category-news","category-2","description-off"],"_links":{"self":[{"href":"https:\/\/radiokfor.com\/1\/wp-json\/wp\/v2\/posts\/64192","targetHints":{"allow":["GET"]}}],"collection":[{"href":"https:\/\/radiokfor.com\/1\/wp-json\/wp\/v2\/posts"}],"about":[{"href":"https:\/\/radiokfor.com\/1\/wp-json\/wp\/v2\/types\/post"}],"author":[{"embeddable":true,"href":"https:\/\/radiokfor.com\/1\/wp-json\/wp\/v2\/users\/6"}],"replies":[{"embeddable":true,"href":"https:\/\/radiokfor.com\/1\/wp-json\/wp\/v2\/comments?post=64192"}],"version-history":[{"count":2,"href":"https:\/\/radiokfor.com\/1\/wp-json\/wp\/v2\/posts\/64192\/revisions"}],"predecessor-version":[{"id":64197,"href":"https:\/\/radiokfor.com\/1\/wp-json\/wp\/v2\/posts\/64192\/revisions\/64197"}],"wp:featuredmedia":[{"embeddable":true,"href":"https:\/\/radiokfor.com\/1\/wp-json\/wp\/v2\/media\/64193"}],"wp:attachment":[{"href":"https:\/\/radiokfor.com\/1\/wp-json\/wp\/v2\/media?parent=64192"}],"wp:term":[{"taxonomy":"category","embeddable":true,"href":"https:\/\/radiokfor.com\/1\/wp-json\/wp\/v2\/categories?post=64192"},{"taxonomy":"post_tag","embeddable":true,"href":"https:\/\/radiokfor.com\/1\/wp-json\/wp\/v2\/tags?post=64192"}],"curies":[{"name":"wp","href":"https:\/\/api.w.org\/{rel}","templated":true}]}}