{"id":63135,"date":"2022-05-23T08:41:47","date_gmt":"2022-05-23T08:41:47","guid":{"rendered":"https:\/\/radiokfor.com\/1\/?p=63135"},"modified":"2022-05-23T08:43:37","modified_gmt":"2022-05-23T08:43:37","slug":"interviste-me-keshilltaren-per-ceshtje-gjinore-te-eulex-it-chiara-tagliani-per-dhomat-familjare-ne-kosove","status":"publish","type":"post","link":"https:\/\/radiokfor.com\/1\/interviste-me-keshilltaren-per-ceshtje-gjinore-te-eulex-it-chiara-tagliani-per-dhomat-familjare-ne-kosove\/","title":{"rendered":"Intervist\u00eb me K\u00ebshilltaren p\u00ebr \u00c7\u00ebshtje Gjinore t\u00eb EULEX-it, Chiara Tagliani, p\u00ebr dhomat familjare n\u00eb Kosov\u00eb"},"content":{"rendered":"<p>M\u00eb posht\u00eb lajmit mund t\u00eb lexoni intervist\u00ebn e plot\u00eb me K\u00ebshilltaren p\u00ebr \u00c7\u00ebshtje Gjinore t\u00eb EULEX-it, Chiara Tagliani, p\u00ebr dhomat familjare n\u00eb Kosov\u00eb, t\u00eb realizuar nga Radio KFOR-i:<\/p>\n<p><strong>Radio K4:<\/strong> \u00c7far\u00eb jan\u00eb dhomat e ndjeshme p\u00ebr intervista n\u00eb qendr\u00ebn e viktimave?<\/p>\n<p><strong>K\u00ebshilltarja Gjinore e EULEX-it:<\/strong> P\u00ebr shkak t\u00eb natyr\u00ebs traumatike t\u00eb formave t\u00eb dhun\u00ebs ndaj grave dhe dhun\u00ebs n\u00eb familje, nj\u00eb qasje e p\u00ebrqendruar te viktima n\u00eb k\u00ebto lloj raste \u00ebsht\u00eb thelb\u00ebsore, p\u00ebr t\u00eb kuptuar p\u00ebrvoj\u00ebn specifike t\u00eb viktim\u00ebs, p\u00ebr ta ndihmuar at\u00eb n\u00eb m\u00ebnyr\u00eb efektive dhe p\u00ebr t\u00eb shmangur viktimizimin e m\u00ebtejsh\u00ebm. Kjo k\u00ebrkohet edhe nga standardet e p\u00ebrcaktuara p\u00ebr t\u00eb drejtat e njeriut, duke p\u00ebrfshir\u00eb dispozitat e Konvent\u00ebs s\u00eb Stambollit. Intervista e par\u00eb e dh\u00ebn\u00eb nga viktimat \u00ebsht\u00eb shpesh shansi m\u00eb i mir\u00eb p\u00ebr t\u00eb marr\u00eb provat e duhura, p\u00ebr t\u00eb nd\u00ebrtuar nj\u00eb \u00e7\u00ebshtje ligjore t\u00eb sh\u00ebndosh\u00eb dhe p\u00ebr t&#8217;i siguruar viktim\u00ebs qasje efektive n\u00eb drejt\u00ebsi.<br \/>\nViktimat duhet t\u00eb ndihen t\u00eb sigurt dhe t\u00eb jen\u00eb n\u00eb gjendje t\u00eb japin deklarat\u00ebn e tyre n\u00eb nj\u00eb mjedis t\u00eb qet\u00eb dhe t\u00eb p\u00ebrshtatsh\u00ebm. Ambientet ku kryhen intervistat duhet t\u00eb lejojn\u00eb krijimin e nj\u00eb marr\u00ebdh\u00ebnie besimi midis viktim\u00ebs dhe personelit t\u00eb zbatimit t\u00eb ligjit.<br \/>\nAft\u00ebsia p\u00ebr t\u00eb kryer intervista t\u00eb ndjeshme n\u00eb nj\u00eb mjedis miq\u00ebsor ndaj viktimave, synon t\u00eb ndihmoj\u00eb oficer\u00ebt e policis\u00eb t\u00eb marrin d\u00ebshmi m\u00eb t\u00eb sakta dhe t\u00eb detajuara, duke rritur k\u00ebshtu gjasat q\u00eb \u00e7\u00ebshtja t\u00eb shkoj\u00eb drejt ndjekjeve penale, gjykimit dhe p\u00ebrfundimisht, d\u00ebnimeve dhe korrigjimit efektiv. Kjo \u00ebsht\u00eb ajo p\u00ebr t\u00eb cil\u00ebn flasim kur flasim p\u00ebr \u201cdhomat e ndjeshme t\u00eb intervistimit t\u00eb fokusuara tek viktimat\u201d.<br \/>\nK\u00ebto dhoma duhet t\u00eb vendosen n\u00eb stacionet e policis\u00eb dhe sh\u00ebrbejn\u00eb si nj\u00eb hap\u00ebsir\u00eb e sigurt p\u00ebr t\u00eb shqyrtuar opsionet dhe mb\u00ebshtetjen e disponueshme, duke p\u00ebrfshir\u00eb paraqitjen e nj\u00eb raporti kund\u00ebr autorit t\u00eb dyshuar.<br \/>\nKonkretisht, dhomat q\u00eb jan\u00eb ngritur n\u00eb mbar\u00eb Kosov\u00ebn jan\u00eb me ngjyra t\u00eb ngrohta t\u00eb pajisura me tapet, batanije, karrige t\u00eb buta, TV, tavolin\u00eb kafeje dhe k\u00ebnd p\u00ebr f\u00ebmij\u00eb.<br \/>\nBrend\u00ebsia \u00ebsht\u00eb larg dhom\u00ebs tradicionale t\u00eb policis\u00eb s\u00eb marrjes n\u00eb pyetje, gjithashtu p\u00ebr t\u00eb rikthyer konceptin se dhomat e marrjes n\u00eb pyetje nuk duhet t\u00eb p\u00ebrdoren p\u00ebr viktimat, ve\u00e7an\u00ebrisht viktimat e dhun\u00ebs ndaj grave dhe dhun\u00ebs n\u00eb familje.<\/p>\n<p><strong>Radio K4:<\/strong> Cil\u00ebt jan\u00eb hapat e m\u00ebtejsh\u00ebm dhe si mundet t\u00eb ndihmoj\u00eb organizata juaj?<\/p>\n<p><strong>K\u00ebshilltarja Gjinore e EULEX-it:<\/strong> Si\u00e7 kemi elaboruar tashm\u00eb, q\u00ebllimi p\u00ebrfundimtar i nj\u00eb qasjeje miq\u00ebsore ndaj viktimave dhe sh\u00ebrbimeve t\u00eb p\u00ebrqendruara te viktimat \u00ebsht\u00eb fuqizimi i viktimave, parandalimi i ri-traumatizimit dhe p\u00ebrfundimisht, d\u00ebmshp\u00ebrblimi efektiv p\u00ebr viktimat. P\u00ebr m\u00eb tep\u00ebr, viktimat kan\u00eb nevoj\u00eb p\u00ebr mbrojtje adekuate nga dhuna e m\u00ebtejshme, mb\u00ebshtetje dhe ndihm\u00eb n\u00eb m\u00ebnyr\u00eb q\u00eb t\u00eb kap\u00ebrcejn\u00eb pasojat e shumta t\u00eb nj\u00eb lloji t\u00eb till\u00eb traumatizues t\u00eb dhun\u00ebs dhe t\u00eb rind\u00ebrtojn\u00eb jet\u00ebn e tyre dhe t\u00eb f\u00ebmij\u00ebve t\u00eb tyre.<br \/>\n\u00c7do institucion i p\u00ebrfshir\u00eb n\u00eb luft\u00ebn kund\u00ebr dhun\u00ebs ndaj grave dhe dhun\u00ebs n\u00eb familje (jo vet\u00ebm zbatimi i ligjit, por edhe autoritetet gjyq\u00ebsore, OJQ-t\u00eb dhe sh\u00ebrbime t\u00eb tjera mb\u00ebshtet\u00ebse) kan\u00eb nj\u00eb rol thelb\u00ebsor dhe k\u00ebto dhoma jan\u00eb vet\u00ebm nj\u00eb segment i sh\u00ebrbimeve q\u00eb duhet t\u00eb jen\u00eb n\u00eb vend, p\u00ebr t\u00eb mb\u00ebshtetur viktimat. N\u00eb p\u00ebrputhje me p\u00ebrkushtimin ton\u00eb p\u00ebr t\u00eb ndihmuar Kosov\u00ebn n\u00eb zbatimin e Konvent\u00ebs s\u00eb Stambollit, ne n\u00eb EULEX do t\u00eb vazhdojm\u00eb t\u00eb mb\u00ebshtesim policin\u00eb e Kosov\u00ebs dhe institucionet e tjera n\u00eb rritjen e kapaciteteve t\u00eb tyre n\u00eb luft\u00ebn kund\u00ebr dhun\u00ebs ndaj grave dhe dhun\u00ebs n\u00eb familje.<\/p>\n<p><strong>Radio K4:<\/strong> Cili do t\u00eb ishte mesazhi juaj p\u00ebr t\u00eb gjith\u00eb d\u00ebgjuesit e Radio K4-it?<br \/>\n<strong>K\u00ebshilltarja Gjinore e EULEX-it:<\/strong> Raportoni dhun\u00ebn. P\u00ebr ju u krijuan dhoma t\u00eb ndjeshme intervistash n\u00eb qend\u00ebr t\u00eb viktimave!<\/p>\n","protected":false},"excerpt":{"rendered":"<p>M\u00eb posht\u00eb lajmit mund t\u00eb lexoni intervist\u00ebn e plot\u00eb me K\u00ebshilltaren p\u00ebr \u00c7\u00ebshtje Gjinore t\u00eb EULEX-it, Chiara Tagliani, p\u00ebr dhomat familjare n\u00eb Kosov\u00eb, t\u00eb realizuar nga Radio KFOR-i: Radio K4: \u00c7far\u00eb jan\u00eb dhomat e ndjeshme p\u00ebr intervista n\u00eb qendr\u00ebn e viktimave? K\u00ebshilltarja Gjinore e EULEX-it: P\u00ebr shkak t\u00eb natyr\u00ebs traumatike t\u00eb formave t\u00eb dhun\u00ebs ndaj&hellip;<\/p>\n","protected":false},"author":3,"featured_media":63138,"comment_status":"closed","ping_status":"closed","sticky":false,"template":"","format":"standard","meta":{"_monsterinsights_skip_tracking":false,"_monsterinsights_sitenote_active":false,"_monsterinsights_sitenote_note":"","_monsterinsights_sitenote_category":0,"footnotes":""},"categories":[2],"tags":[],"class_list":["post-63135","post","type-post","status-publish","format-standard","has-post-thumbnail","hentry","category-news","category-2","description-off"],"_links":{"self":[{"href":"https:\/\/radiokfor.com\/1\/wp-json\/wp\/v2\/posts\/63135","targetHints":{"allow":["GET"]}}],"collection":[{"href":"https:\/\/radiokfor.com\/1\/wp-json\/wp\/v2\/posts"}],"about":[{"href":"https:\/\/radiokfor.com\/1\/wp-json\/wp\/v2\/types\/post"}],"author":[{"embeddable":true,"href":"https:\/\/radiokfor.com\/1\/wp-json\/wp\/v2\/users\/3"}],"replies":[{"embeddable":true,"href":"https:\/\/radiokfor.com\/1\/wp-json\/wp\/v2\/comments?post=63135"}],"version-history":[{"count":1,"href":"https:\/\/radiokfor.com\/1\/wp-json\/wp\/v2\/posts\/63135\/revisions"}],"predecessor-version":[{"id":63137,"href":"https:\/\/radiokfor.com\/1\/wp-json\/wp\/v2\/posts\/63135\/revisions\/63137"}],"wp:featuredmedia":[{"embeddable":true,"href":"https:\/\/radiokfor.com\/1\/wp-json\/wp\/v2\/media\/63138"}],"wp:attachment":[{"href":"https:\/\/radiokfor.com\/1\/wp-json\/wp\/v2\/media?parent=63135"}],"wp:term":[{"taxonomy":"category","embeddable":true,"href":"https:\/\/radiokfor.com\/1\/wp-json\/wp\/v2\/categories?post=63135"},{"taxonomy":"post_tag","embeddable":true,"href":"https:\/\/radiokfor.com\/1\/wp-json\/wp\/v2\/tags?post=63135"}],"curies":[{"name":"wp","href":"https:\/\/api.w.org\/{rel}","templated":true}]}}