{"id":63123,"date":"2022-05-21T06:01:02","date_gmt":"2022-05-21T06:01:02","guid":{"rendered":"https:\/\/radiokfor.com\/1\/?p=63123"},"modified":"2022-05-23T14:29:04","modified_gmt":"2022-05-23T12:29:04","slug":"caji-eshte-pija-me-e-konsumuar-ne-bote-pas-ujit","status":"publish","type":"post","link":"https:\/\/radiokfor.com\/1\/caji-eshte-pija-me-e-konsumuar-ne-bote-pas-ujit\/","title":{"rendered":"\u00c7aji \u00ebsht\u00eb pija m\u00eb e konsumuar n\u00eb bot\u00eb, pas ujit"},"content":{"rendered":"<p>N\u00eb mbar\u00eb globin sot (21.05.22), festohet \u2018Dita Nd\u00ebrkomb\u00ebtare e \u00c7ajit\u2019, e caktuar nga Asambleja e P\u00ebrgjithshme e Kombeve t\u00eb Bashkuara. Kjo dit\u00eb sh\u00ebnohet p\u00ebr t\u00eb promovuar dhe nxitur veprime kolektive, p\u00ebr zbatimin e aktiviteteve n\u00eb favor t\u00eb prodhimit dhe konsumit t\u00eb q\u00ebndruesh\u00ebm t\u00eb \u00e7ajit si dhe p\u00ebr t\u00eb rritur nd\u00ebrgjegj\u00ebsimin p\u00ebr r\u00ebnd\u00ebsin\u00eb e tij n\u00eb luft\u00ebn kund\u00ebr uris\u00eb dhe varf\u00ebris\u00eb. P\u00ebr m\u00eb tep\u00ebr, industria e \u00e7ajit q\u00ebndron si sektori kryesor i t\u00eb ardhurave nga eksporti, p\u00ebr shum\u00eb vende t\u00eb sfiduara ekonomikisht.<\/p>\n<p>Besohet se \u00e7aji e ka origjin\u00ebn n\u00eb Indin\u00eb verilindore, n\u00eb veri t\u00eb Mianmarit dhe n\u00eb Kin\u00ebn jugper\u00ebndimore, por vendi i sakt\u00eb ku u rrit p\u00ebr her\u00eb t\u00eb par\u00eb bima nuk dihet. \u00c7aji ka qen\u00eb me ne p\u00ebr nj\u00eb koh\u00eb t\u00eb gjat\u00eb dhe ka d\u00ebshmi se \u00e7aji \u00ebsht\u00eb konsumuar n\u00eb Kin\u00eb, 5.000 vjet m\u00eb par\u00eb.<\/p>\n","protected":false},"excerpt":{"rendered":"<p>N\u00eb mbar\u00eb globin sot (21.05.22), festohet \u2018Dita Nd\u00ebrkomb\u00ebtare e \u00c7ajit\u2019, e caktuar nga Asambleja e P\u00ebrgjithshme e Kombeve t\u00eb Bashkuara. Kjo dit\u00eb sh\u00ebnohet p\u00ebr t\u00eb promovuar dhe nxitur veprime kolektive, p\u00ebr zbatimin e aktiviteteve n\u00eb favor t\u00eb prodhimit dhe konsumit t\u00eb q\u00ebndruesh\u00ebm t\u00eb \u00e7ajit si dhe p\u00ebr t\u00eb rritur nd\u00ebrgjegj\u00ebsimin p\u00ebr r\u00ebnd\u00ebsin\u00eb e tij n\u00eb&hellip;<\/p>\n","protected":false},"author":3,"featured_media":63124,"comment_status":"closed","ping_status":"closed","sticky":false,"template":"","format":"standard","meta":{"_monsterinsights_skip_tracking":false,"_monsterinsights_sitenote_active":false,"_monsterinsights_sitenote_note":"","_monsterinsights_sitenote_category":0,"footnotes":""},"categories":[2],"tags":[],"class_list":["post-63123","post","type-post","status-publish","format-standard","has-post-thumbnail","hentry","category-news","category-2","description-off"],"_links":{"self":[{"href":"https:\/\/radiokfor.com\/1\/wp-json\/wp\/v2\/posts\/63123","targetHints":{"allow":["GET"]}}],"collection":[{"href":"https:\/\/radiokfor.com\/1\/wp-json\/wp\/v2\/posts"}],"about":[{"href":"https:\/\/radiokfor.com\/1\/wp-json\/wp\/v2\/types\/post"}],"author":[{"embeddable":true,"href":"https:\/\/radiokfor.com\/1\/wp-json\/wp\/v2\/users\/3"}],"replies":[{"embeddable":true,"href":"https:\/\/radiokfor.com\/1\/wp-json\/wp\/v2\/comments?post=63123"}],"version-history":[{"count":1,"href":"https:\/\/radiokfor.com\/1\/wp-json\/wp\/v2\/posts\/63123\/revisions"}],"predecessor-version":[{"id":63125,"href":"https:\/\/radiokfor.com\/1\/wp-json\/wp\/v2\/posts\/63123\/revisions\/63125"}],"wp:featuredmedia":[{"embeddable":true,"href":"https:\/\/radiokfor.com\/1\/wp-json\/wp\/v2\/media\/63124"}],"wp:attachment":[{"href":"https:\/\/radiokfor.com\/1\/wp-json\/wp\/v2\/media?parent=63123"}],"wp:term":[{"taxonomy":"category","embeddable":true,"href":"https:\/\/radiokfor.com\/1\/wp-json\/wp\/v2\/categories?post=63123"},{"taxonomy":"post_tag","embeddable":true,"href":"https:\/\/radiokfor.com\/1\/wp-json\/wp\/v2\/tags?post=63123"}],"curies":[{"name":"wp","href":"https:\/\/api.w.org\/{rel}","templated":true}]}}