{"id":62877,"date":"2022-04-26T12:44:28","date_gmt":"2022-04-26T12:44:28","guid":{"rendered":"https:\/\/radiokfor.com\/1\/?p=62877"},"modified":"2022-04-26T12:44:28","modified_gmt":"2022-04-26T12:44:28","slug":"uji-eshte-jete-ta-ruajme-ate","status":"publish","type":"post","link":"https:\/\/radiokfor.com\/1\/uji-eshte-jete-ta-ruajme-ate\/","title":{"rendered":"Uji \u00ebsht\u00eb jet\u00eb, ta ruajm\u00eb at\u00eb!"},"content":{"rendered":"<p>Pa uj\u00eb, nuk ka jet\u00eb. P\u00ebrderisa \u00ebsht\u00eb kaq i r\u00ebnd\u00ebsish\u00ebm n\u00eb jet\u00ebn ton\u00eb, duhet edhe t\u00eb jemi t\u00eb p\u00ebrgjegjsh\u00ebm n\u00eb shfryt\u00ebzimin e burimeve t\u00eb ujit.<\/p>\n<p>Apel p\u00ebr p\u00ebrdorim racional t\u00eb ujit, p\u00ebrmes val\u00ebve t\u00eb Radio KFOR-it b\u00ebri edhe z\u00ebdh\u00ebn\u00ebsja e Kompanis\u00eb Rajonale t\u00eb Uj\u00ebsjell\u00ebsit \u201cPrishtina\u201d, znj. Arjeta Mjeku, e cila tha: <em>\u201cFurnizimi me uj\u00eb t\u00eb pijsh\u00ebm, aktualisht \u00ebsht\u00eb shum\u00eb i mir\u00eb, kemi uj\u00eb 24 or\u00eb pa nd\u00ebrpre n\u00eb t\u00eb gjitha zonat e sh\u00ebrbimit, mir\u00ebpo meq\u00eb jemi duke hyr\u00eb n\u00eb sezonin e ver\u00ebs, apelojm\u00eb tek t\u00eb gjith\u00eb konsumator\u00ebt q\u00eb ujin ta shpenzojn\u00eb vet\u00ebm p\u00ebr nevoja higjienike sht\u00ebpiake dhe assesi p\u00ebr destinime t\u00eb tjera t\u00eb pa-arsyeshme. B\u00ebjm\u00eb apel tek qytetar\u00ebt q\u00eb ujin ta shpenzojn\u00eb n\u00eb m\u00ebnyr\u00eb racionale dhe t\u00eb b\u00ebjn\u00eb pagesa t\u00eb rregullta p\u00ebr sh\u00ebrbimet e uj\u00ebsjell\u00ebsit dhe kanalizimit.\u201d<\/em><\/p>\n<p>\u00cbsht\u00eb me r\u00ebnd\u00ebsi t\u00eb krijojm\u00eb shprehi t\u00eb kursimit t\u00eb ujit si dhe ta p\u00ebrcjellim k\u00ebt\u00eb shprehi edhe tek brezat e ardhshme.<\/p>\n","protected":false},"excerpt":{"rendered":"<p>Pa uj\u00eb, nuk ka jet\u00eb. P\u00ebrderisa \u00ebsht\u00eb kaq i r\u00ebnd\u00ebsish\u00ebm n\u00eb jet\u00ebn ton\u00eb, duhet edhe t\u00eb jemi t\u00eb p\u00ebrgjegjsh\u00ebm n\u00eb shfryt\u00ebzimin e burimeve t\u00eb ujit. Apel p\u00ebr p\u00ebrdorim racional t\u00eb ujit, p\u00ebrmes val\u00ebve t\u00eb Radio KFOR-it b\u00ebri edhe z\u00ebdh\u00ebn\u00ebsja e Kompanis\u00eb Rajonale t\u00eb Uj\u00ebsjell\u00ebsit \u201cPrishtina\u201d, znj. Arjeta Mjeku, e cila tha: \u201cFurnizimi me uj\u00eb t\u00eb&hellip;<\/p>\n","protected":false},"author":6,"featured_media":62878,"comment_status":"closed","ping_status":"closed","sticky":false,"template":"","format":"standard","meta":{"_monsterinsights_skip_tracking":false,"_monsterinsights_sitenote_active":false,"_monsterinsights_sitenote_note":"","_monsterinsights_sitenote_category":0,"footnotes":""},"categories":[2],"tags":[],"class_list":["post-62877","post","type-post","status-publish","format-standard","has-post-thumbnail","hentry","category-news","category-2","description-off"],"_links":{"self":[{"href":"https:\/\/radiokfor.com\/1\/wp-json\/wp\/v2\/posts\/62877","targetHints":{"allow":["GET"]}}],"collection":[{"href":"https:\/\/radiokfor.com\/1\/wp-json\/wp\/v2\/posts"}],"about":[{"href":"https:\/\/radiokfor.com\/1\/wp-json\/wp\/v2\/types\/post"}],"author":[{"embeddable":true,"href":"https:\/\/radiokfor.com\/1\/wp-json\/wp\/v2\/users\/6"}],"replies":[{"embeddable":true,"href":"https:\/\/radiokfor.com\/1\/wp-json\/wp\/v2\/comments?post=62877"}],"version-history":[{"count":1,"href":"https:\/\/radiokfor.com\/1\/wp-json\/wp\/v2\/posts\/62877\/revisions"}],"predecessor-version":[{"id":62879,"href":"https:\/\/radiokfor.com\/1\/wp-json\/wp\/v2\/posts\/62877\/revisions\/62879"}],"wp:featuredmedia":[{"embeddable":true,"href":"https:\/\/radiokfor.com\/1\/wp-json\/wp\/v2\/media\/62878"}],"wp:attachment":[{"href":"https:\/\/radiokfor.com\/1\/wp-json\/wp\/v2\/media?parent=62877"}],"wp:term":[{"taxonomy":"category","embeddable":true,"href":"https:\/\/radiokfor.com\/1\/wp-json\/wp\/v2\/categories?post=62877"},{"taxonomy":"post_tag","embeddable":true,"href":"https:\/\/radiokfor.com\/1\/wp-json\/wp\/v2\/tags?post=62877"}],"curies":[{"name":"wp","href":"https:\/\/api.w.org\/{rel}","templated":true}]}}