{"id":61406,"date":"2022-01-27T05:15:14","date_gmt":"2022-01-27T05:15:14","guid":{"rendered":"https:\/\/radiokfor.com\/1\/?p=61406"},"modified":"2022-01-27T12:34:16","modified_gmt":"2022-01-27T12:34:16","slug":"bukuria-e-maleve-parmes-syrit-artistik-te-fotografit-arben-llapashtica","status":"publish","type":"post","link":"https:\/\/radiokfor.com\/1\/bukuria-e-maleve-parmes-syrit-artistik-te-fotografit-arben-llapashtica\/","title":{"rendered":"Bukuria e maleve p\u00ebrmes syrit artistik t\u00eb fotografit, Arben Llapashtica"},"content":{"rendered":"<p>Bukuria madh\u00ebshtore e maleve, nd\u00ebr shekuj, ka frym\u00ebzuar artist\u00eb t\u00eb m\u00ebdhenj t\u00eb fotografis\u00eb, t\u00eb cil\u00ebt me pasionin e tyre udh\u00ebtojn\u00eb edhe n\u00eb shkret\u00ebtir\u00eb p\u00ebr t\u00eb kapur pamjet malore q\u00eb t\u00eb l\u00ebn\u00eb pa frym\u00eb. P\u00ebr t\u00eb ditur m\u00eb shum\u00eb rreth fotografis\u00eb karshi bukuris\u00eb s\u00eb maleve, Radio KFOR-i kontaktoi fotografin, profesionistin, Arben Llapashtica, i cili me fotografi merret q\u00eb nga viti 2006, ku dhe ka fituar m\u00eb shum\u00eb se 20 \u00e7mime p\u00ebr video dhe fotografi. Kurse, imazhet e shkrepura nga ai, nga syri i nj\u00eb artisti, jan\u00eb ekspozuar brenda dhe jasht\u00eb Kosov\u00ebs. Fotografi i shum\u00eb koncerteve, evenimenteve, monumenteve kulturore si dhe kontribuuesi i pasurimit t\u00eb inciklopedis\u00eb me informata, foto, nga Kosova, ku dhe \u00ebsht\u00eb shp\u00ebrblyer disa her\u00eb me vendin e par\u00eb, sa i p\u00ebrket fotos dhe pasqyrimit t\u00eb bukurive t\u00eb maleve, theksoi: \u201cDisa fotograf\u00eb \u00ebnd\u00ebrrojn\u00eb t\u00eb ngjiten dhe t\u00eb xhirojn\u00eb nj\u00eb mal t\u00eb ve\u00e7ant\u00eb, por n\u00eb fakt, nuk ju nevojitet nj\u00eb mal i famsh\u00ebm p\u00ebr t\u00eb marr\u00eb imazhe t\u00eb mrekullueshme malore. Mund t\u00eb merrni foto mahnit\u00ebse edhe me nj\u00eb mal relativisht t\u00eb vog\u00ebl ose t\u00eb pav\u00ebmendsh\u00ebm. Fotot e bukura mund t\u2019i b\u00ebni kudo n\u00eb Kosov\u00eb. N\u00eb fotografin\u00eb malore \u00ebsht\u00eb me r\u00ebnd\u00ebsi m\u00ebnyra se si kompozoni nj\u00eb imazh dhe teknikat q\u00eb p\u00ebrdorni p\u00ebr t\u00eb fotografuar at\u00eb mal apo vend.\u201d<\/p>\n<p>Tashm\u00eb e dim\u00eb q\u00eb malet, p\u00ebrve\u00e7 bukurive q\u00eb kan\u00eb, ato jan\u00eb t\u00eb r\u00ebnd\u00ebsishme edhe p\u00ebr biodiversitetin e tyre, ujin, ajrin e past\u00ebr, k\u00ebrkimin shkencor, diversitetin kulturor, koh\u00ebn e lir\u00eb, peizazhin dhe vlerat shpirt\u00ebrore.<\/p>\n","protected":false},"excerpt":{"rendered":"<p>Bukuria madh\u00ebshtore e maleve, nd\u00ebr shekuj, ka frym\u00ebzuar artist\u00eb t\u00eb m\u00ebdhenj t\u00eb fotografis\u00eb, t\u00eb cil\u00ebt me pasionin e tyre udh\u00ebtojn\u00eb edhe n\u00eb shkret\u00ebtir\u00eb p\u00ebr t\u00eb kapur pamjet malore q\u00eb t\u00eb l\u00ebn\u00eb pa frym\u00eb. P\u00ebr t\u00eb ditur m\u00eb shum\u00eb rreth fotografis\u00eb karshi bukuris\u00eb s\u00eb maleve, Radio KFOR-i kontaktoi fotografin, profesionistin, Arben Llapashtica, i cili me fotografi&hellip;<\/p>\n","protected":false},"author":7,"featured_media":61407,"comment_status":"closed","ping_status":"closed","sticky":false,"template":"","format":"standard","meta":{"_monsterinsights_skip_tracking":false,"_monsterinsights_sitenote_active":false,"_monsterinsights_sitenote_note":"","_monsterinsights_sitenote_category":0,"footnotes":""},"categories":[2],"tags":[],"class_list":["post-61406","post","type-post","status-publish","format-standard","has-post-thumbnail","hentry","category-news","category-2","description-off"],"_links":{"self":[{"href":"https:\/\/radiokfor.com\/1\/wp-json\/wp\/v2\/posts\/61406","targetHints":{"allow":["GET"]}}],"collection":[{"href":"https:\/\/radiokfor.com\/1\/wp-json\/wp\/v2\/posts"}],"about":[{"href":"https:\/\/radiokfor.com\/1\/wp-json\/wp\/v2\/types\/post"}],"author":[{"embeddable":true,"href":"https:\/\/radiokfor.com\/1\/wp-json\/wp\/v2\/users\/7"}],"replies":[{"embeddable":true,"href":"https:\/\/radiokfor.com\/1\/wp-json\/wp\/v2\/comments?post=61406"}],"version-history":[{"count":2,"href":"https:\/\/radiokfor.com\/1\/wp-json\/wp\/v2\/posts\/61406\/revisions"}],"predecessor-version":[{"id":61490,"href":"https:\/\/radiokfor.com\/1\/wp-json\/wp\/v2\/posts\/61406\/revisions\/61490"}],"wp:featuredmedia":[{"embeddable":true,"href":"https:\/\/radiokfor.com\/1\/wp-json\/wp\/v2\/media\/61407"}],"wp:attachment":[{"href":"https:\/\/radiokfor.com\/1\/wp-json\/wp\/v2\/media?parent=61406"}],"wp:term":[{"taxonomy":"category","embeddable":true,"href":"https:\/\/radiokfor.com\/1\/wp-json\/wp\/v2\/categories?post=61406"},{"taxonomy":"post_tag","embeddable":true,"href":"https:\/\/radiokfor.com\/1\/wp-json\/wp\/v2\/tags?post=61406"}],"curies":[{"name":"wp","href":"https:\/\/api.w.org\/{rel}","templated":true}]}}