{"id":61085,"date":"2022-01-01T06:11:55","date_gmt":"2022-01-01T06:11:55","guid":{"rendered":"http:\/\/radiokfor.com\/1\/?p=61085"},"modified":"2021-12-22T16:12:43","modified_gmt":"2021-12-22T16:12:43","slug":"shenohet-sot-dita-globale-e-familjes-2","status":"publish","type":"post","link":"https:\/\/radiokfor.com\/1\/shenohet-sot-dita-globale-e-familjes-2\/","title":{"rendered":"Sh\u00ebnohet sot \u2018Dita Globale e Familjes\u2019"},"content":{"rendered":"<p>\u2018Dita Globale e Familjes\u2019 sh\u00ebnohet m\u00eb 1 janar, duke nisur Vitin e Ri, me nj\u00eb mesazh pozitiv uniteti p\u00ebr gjith\u00eb bot\u00ebn. Kulturat, nacionalitetet dhe besimet, n\u00eb mbar\u00eb bot\u00ebn, mund t\u00eb jen\u00eb t\u00eb ndryshme, por e v\u00ebrteta \u00ebsht\u00eb q\u00eb i gjith\u00eb njer\u00ebzimi \u00ebsht\u00eb nj\u00eb familje e madhe, e cila mund t\u00eb mbijetoj\u00eb dhe t\u00eb ket\u00eb sukses vet\u00ebm n\u00ebse \u00ebsht\u00eb e bashkuar.<\/p>\n<p>\u2018Dita Globale e Familjes\u2019 e njohur edhe si \u2018Dita Bot\u00ebrore e Paqes\u2019, festohet \u00e7do vit, p\u00ebr t\u00eb promovuar konceptin e harmonis\u00eb dhe unitetit n\u00eb bot\u00eb.<\/p>\n<p>Gjith\u00e7ka filloi n\u00eb vitin 1997 kur Asambleja e P\u00ebrgjithshme e Kombeve t\u00eb Bashkuara filloi Dekad\u00ebn Nd\u00ebrkomb\u00ebtare p\u00ebr Kultur\u00ebn e Paqes dhe Jo-Dhun\u00eb p\u00ebr F\u00ebmij\u00ebt e Bot\u00ebs. Megjithat\u00eb, ky ishte vet\u00ebm fillimi i nj\u00eb bote t\u00eb re paq\u00ebsore, pasi q\u00eb n\u00eb vitin 1999, t\u00eb gjitha shtetet an\u00ebtare t\u00eb OKB-s\u00eb mor\u00ebn nj\u00eb ftes\u00eb q\u00eb zyrtarisht m\u00eb 1 janar, t\u00eb sh\u00ebnojn\u00eb arritjet n\u00eb zhvillimin e strategjis\u00eb drejt nd\u00ebrtimit t\u00eb paqes. Duke par\u00eb ndikimin pozitiv t\u00eb k\u00ebsaj dite, n\u00eb vitin 2001, Kombet e Bashkuara vendos\u00ebn q\u00eb \u2018Dit\u00ebn Globale t\u00eb Familjes\u2019 ta shpallin si ngjarje vjetore.<\/p>\n","protected":false},"excerpt":{"rendered":"<p>\u2018Dita Globale e Familjes\u2019 sh\u00ebnohet m\u00eb 1 janar, duke nisur Vitin e Ri, me nj\u00eb mesazh pozitiv uniteti p\u00ebr gjith\u00eb bot\u00ebn. Kulturat, nacionalitetet dhe besimet, n\u00eb mbar\u00eb bot\u00ebn, mund t\u00eb jen\u00eb t\u00eb ndryshme, por e v\u00ebrteta \u00ebsht\u00eb q\u00eb i gjith\u00eb njer\u00ebzimi \u00ebsht\u00eb nj\u00eb familje e madhe, e cila mund t\u00eb mbijetoj\u00eb dhe t\u00eb ket\u00eb sukses&hellip;<\/p>\n","protected":false},"author":3,"featured_media":61086,"comment_status":"closed","ping_status":"closed","sticky":false,"template":"","format":"standard","meta":{"_monsterinsights_skip_tracking":false,"_monsterinsights_sitenote_active":false,"_monsterinsights_sitenote_note":"","_monsterinsights_sitenote_category":0,"footnotes":""},"categories":[2],"tags":[],"class_list":["post-61085","post","type-post","status-publish","format-standard","has-post-thumbnail","hentry","category-news","category-2","description-off"],"_links":{"self":[{"href":"https:\/\/radiokfor.com\/1\/wp-json\/wp\/v2\/posts\/61085","targetHints":{"allow":["GET"]}}],"collection":[{"href":"https:\/\/radiokfor.com\/1\/wp-json\/wp\/v2\/posts"}],"about":[{"href":"https:\/\/radiokfor.com\/1\/wp-json\/wp\/v2\/types\/post"}],"author":[{"embeddable":true,"href":"https:\/\/radiokfor.com\/1\/wp-json\/wp\/v2\/users\/3"}],"replies":[{"embeddable":true,"href":"https:\/\/radiokfor.com\/1\/wp-json\/wp\/v2\/comments?post=61085"}],"version-history":[{"count":1,"href":"https:\/\/radiokfor.com\/1\/wp-json\/wp\/v2\/posts\/61085\/revisions"}],"predecessor-version":[{"id":61087,"href":"https:\/\/radiokfor.com\/1\/wp-json\/wp\/v2\/posts\/61085\/revisions\/61087"}],"wp:featuredmedia":[{"embeddable":true,"href":"https:\/\/radiokfor.com\/1\/wp-json\/wp\/v2\/media\/61086"}],"wp:attachment":[{"href":"https:\/\/radiokfor.com\/1\/wp-json\/wp\/v2\/media?parent=61085"}],"wp:term":[{"taxonomy":"category","embeddable":true,"href":"https:\/\/radiokfor.com\/1\/wp-json\/wp\/v2\/categories?post=61085"},{"taxonomy":"post_tag","embeddable":true,"href":"https:\/\/radiokfor.com\/1\/wp-json\/wp\/v2\/tags?post=61085"}],"curies":[{"name":"wp","href":"https:\/\/api.w.org\/{rel}","templated":true}]}}