{"id":61052,"date":"2022-01-24T06:07:26","date_gmt":"2022-01-24T06:07:26","guid":{"rendered":"http:\/\/radiokfor.com\/1\/?p=61052"},"modified":"2021-12-22T13:08:27","modified_gmt":"2021-12-22T13:08:27","slug":"shenohet-sot-dita-nderkombetare-e-edukimit-2","status":"publish","type":"post","link":"https:\/\/radiokfor.com\/1\/shenohet-sot-dita-nderkombetare-e-edukimit-2\/","title":{"rendered":"Sh\u00ebnohet sot \u2018Dita Nd\u00ebrkomb\u00ebtare e Edukimit\u2019"},"content":{"rendered":"<p>\u2018Dita Nd\u00ebrkomb\u00ebtare e Edukimit\u2019 sh\u00ebnohet q\u00eb nga viti 2018, kur Asambleja e P\u00ebrgjithshme e Kombeve t\u00eb Bashkuara, shpalli dat\u00eb e sotme, 24 janarin, si \u201cDit\u00eb Nd\u00ebrkomb\u00ebtare t\u00eb Edukimit\u201d, duke p\u00ebrkujtuar rolin q\u00eb luan arsimimi p\u00ebr paqe, p\u00ebrparim dhe zhvillim global. Edhe k\u00ebt\u00eb vit, sh\u00ebnimi i k\u00ebsaj dite ndodh n\u00eb vazhd\u00ebn e pandemis\u00eb COVID-19, q\u00eb \u00e7oi n\u00eb mbylljen e shkollave, universiteteve dhe institucioneve t\u00eb tjera m\u00ebsimore, duke prekur 1.6 miliard\u00eb student\u00eb, n\u00eb mbi 190 vende t\u00eb ndryshme t\u00eb bot\u00ebs.<\/p>\n<p>Lidhur me k\u00ebt\u00eb dit\u00eb, Sekretari i P\u00ebrgjithsh\u00ebm i OKB-s\u00eb, Ant\u00f3nio Guterres, \u00ebsht\u00eb shprehur: <em>\u201cNe duhet t\u00eb b\u00ebjm\u00eb shum\u00eb m\u00eb tep\u00ebr, p\u00ebr t\u00eb \u00e7uar p\u00ebrpara \u2018Zhvillimin e Q\u00ebndruesh\u00ebm\u2019, p\u00ebr t\u00eb siguruar arsim cil\u00ebsor gjith\u00ebp\u00ebrfshir\u00ebs dhe t\u00eb barabart\u00eb si dhe p\u00ebr t\u00eb promovuar mund\u00ebsit\u00eb e t\u00eb m\u00ebsuarit p\u00ebr t\u00eb gjith\u00eb, gjat\u00eb gjith\u00eb jet\u00ebs.&#8221;<\/em><\/p>\n<p>Sh\u00ebnimi i \u2018Dit\u00ebs Nd\u00ebrkomb\u00ebtare t\u00eb Edukimit\u2019 rrit bashk\u00ebpunimin dhe solidaritetin nd\u00ebrkomb\u00ebtar p\u00ebr t\u00eb vendosur edukimin dhe t\u00eb m\u00ebsuarit gjat\u00eb gjith\u00eb jet\u00ebs, n\u00eb qend\u00ebr t\u00eb rim\u00ebk\u00ebmbjes si dhe drejt transformimit t\u00eb shoq\u00ebrive m\u00eb gjith\u00ebp\u00ebrfshir\u00ebse, t\u00eb sigurta dhe t\u00eb q\u00ebndrueshme.<\/p>\n","protected":false},"excerpt":{"rendered":"<p>\u2018Dita Nd\u00ebrkomb\u00ebtare e Edukimit\u2019 sh\u00ebnohet q\u00eb nga viti 2018, kur Asambleja e P\u00ebrgjithshme e Kombeve t\u00eb Bashkuara, shpalli dat\u00eb e sotme, 24 janarin, si \u201cDit\u00eb Nd\u00ebrkomb\u00ebtare t\u00eb Edukimit\u201d, duke p\u00ebrkujtuar rolin q\u00eb luan arsimimi p\u00ebr paqe, p\u00ebrparim dhe zhvillim global. Edhe k\u00ebt\u00eb vit, sh\u00ebnimi i k\u00ebsaj dite ndodh n\u00eb vazhd\u00ebn e pandemis\u00eb COVID-19, q\u00eb \u00e7oi&hellip;<\/p>\n","protected":false},"author":3,"featured_media":61053,"comment_status":"closed","ping_status":"closed","sticky":false,"template":"","format":"standard","meta":{"_monsterinsights_skip_tracking":false,"_monsterinsights_sitenote_active":false,"_monsterinsights_sitenote_note":"","_monsterinsights_sitenote_category":0,"footnotes":""},"categories":[2],"tags":[],"class_list":["post-61052","post","type-post","status-publish","format-standard","has-post-thumbnail","hentry","category-news","category-2","description-off"],"_links":{"self":[{"href":"https:\/\/radiokfor.com\/1\/wp-json\/wp\/v2\/posts\/61052","targetHints":{"allow":["GET"]}}],"collection":[{"href":"https:\/\/radiokfor.com\/1\/wp-json\/wp\/v2\/posts"}],"about":[{"href":"https:\/\/radiokfor.com\/1\/wp-json\/wp\/v2\/types\/post"}],"author":[{"embeddable":true,"href":"https:\/\/radiokfor.com\/1\/wp-json\/wp\/v2\/users\/3"}],"replies":[{"embeddable":true,"href":"https:\/\/radiokfor.com\/1\/wp-json\/wp\/v2\/comments?post=61052"}],"version-history":[{"count":1,"href":"https:\/\/radiokfor.com\/1\/wp-json\/wp\/v2\/posts\/61052\/revisions"}],"predecessor-version":[{"id":61054,"href":"https:\/\/radiokfor.com\/1\/wp-json\/wp\/v2\/posts\/61052\/revisions\/61054"}],"wp:featuredmedia":[{"embeddable":true,"href":"https:\/\/radiokfor.com\/1\/wp-json\/wp\/v2\/media\/61053"}],"wp:attachment":[{"href":"https:\/\/radiokfor.com\/1\/wp-json\/wp\/v2\/media?parent=61052"}],"wp:term":[{"taxonomy":"category","embeddable":true,"href":"https:\/\/radiokfor.com\/1\/wp-json\/wp\/v2\/categories?post=61052"},{"taxonomy":"post_tag","embeddable":true,"href":"https:\/\/radiokfor.com\/1\/wp-json\/wp\/v2\/tags?post=61052"}],"curies":[{"name":"wp","href":"https:\/\/api.w.org\/{rel}","templated":true}]}}