{"id":60980,"date":"2021-12-22T06:09:00","date_gmt":"2021-12-22T06:09:00","guid":{"rendered":"http:\/\/radiokfor.com\/1\/?p=60980"},"modified":"2021-12-20T15:41:49","modified_gmt":"2021-12-20T15:41:49","slug":"kfor-i-ne-mbeshtetje-te-kauzave-humanitare","status":"publish","type":"post","link":"https:\/\/radiokfor.com\/1\/kfor-i-ne-mbeshtetje-te-kauzave-humanitare\/","title":{"rendered":"KFOR-i n\u00eb mb\u00ebshtetje t\u00eb kauzave humanitare"},"content":{"rendered":"<p>Nj\u00eb num\u00ebr i madh personash kan\u00eb marr\u00eb pjes\u00eb n\u00eb ngjarjen e p\u00ebrvitshme \u201cVrapo Babadim\u00ebr\u201d, e cila organizohet nga z. Jusuf Islami, \u00e7do dhjetor n\u00eb Prishtin\u00eb. Q\u00ebllimi kryesor i k\u00ebsaj ngjarjeje \u00ebsht\u00eb mbledhja e donacioneve p\u00ebr t\u2019i ndihmuar familjet e varfra n\u00eb Kosov\u00eb, me rastin e festave t\u00eb fund vitit. Mir\u00ebpo edhe k\u00ebt\u00eb vit, k\u00ebsaj kauze iu bashkuan edhe forcat paqeruajt\u00ebse t\u00eb KFOR-it, t\u00eb cil\u00ebt mblodh\u00ebn fonde prej 3 mij\u00eb e 180 eurosh. Komandanti i KFOR-it, gjeneralmajori Ferenc KAJ\u00c1RI, mori gjithashtu pjes\u00eb n\u00eb manifestimin bamir\u00ebs &#8220;Vrapo Babadim\u00ebr&#8221;, n\u00eb m\u00ebngjesin e 12 dhjetorit, i cili synon t\u00eb ndihmoj\u00eb 700 familje kosovare n\u00eb nevoj\u00eb.<\/p>\n<p>Gjeneral KAJ\u00c1RI, p\u00ebrsh\u00ebndeti pjes\u00ebmarr\u00ebsit e mbledhur n\u00eb sheshin Sk\u00ebnderbe, n\u00eb qend\u00ebr t\u00eb Prishtin\u00ebs dhe u tha atyre se misioni i KFOR-it nuk \u00ebsht\u00eb vet\u00ebm t\u00eb siguroj\u00eb nj\u00eb mjedis t\u00eb qet\u00eb dhe t\u00eb sigurt, por edhe t\u00eb jet\u00eb af\u00ebr t\u00eb gjitha komuniteteve q\u00eb jetojn\u00eb n\u00eb Kosov\u00eb. \u00c7eku iu dor\u00ebzua organizatorit t\u00eb manifestimit \u201cVrapo me Babadimrin\u201d, z. Jusuf Islami, i cili fal\u00ebnderoi t\u00eb gjith\u00eb ushtar\u00ebt e KFOR-it p\u00ebr kontributin bujar.<\/p>\n<p><em>Ky \u00ebsht\u00eb viti i kat\u00ebrt me radh\u00eb q\u00eb KFOR-i po ndihmon dhe po merr pjes\u00eb n\u00eb manifestimin lokal bamir\u00ebs \u201cRun with Santa\u201d,<\/em> tregoi z. Islami dhe p\u00ebr Radio KFOR-in, m\u00eb tej shtoi: \u201c<em>K\u00ebt\u00eb vit e kemi sh\u00ebnu edicionin e 6-t\u00eb \u2018Vrapo Babadim\u00ebr\u2019, q\u00eb tashm\u00eb \u00ebsht\u00eb b\u00ebr\u00eb tradicional. Me blerjen e kostumeve, ne mundohemi q\u00eb ti dalim n\u00eb ndihm\u00eb shum\u00eb familjeve n\u00eb nevoj\u00eb. K\u00ebt\u00eb vit kan\u00eb marr\u00eb pjes\u00eb rreth 1 mij\u00eb babadimra. Jemi mir\u00ebnjoh\u00ebs dhe t\u00eb nderuar edhe me pjes\u00ebmarrjen si dhe me pranin\u00eb e Gjeneralit t\u00eb KFOR-it, dhe trupave paqeruajt\u00ebse t\u00eb KFOR-it, n\u00eb k\u00ebt\u00eb maraton\u00eb humanitare dhe duhet p\u00ebrmendi faktin se Gjenerali na premtoi se kjo ngjarje, do t\u00eb p\u00ebrcillet nga ata \u00e7do vit. Nga kjo kauz\u00eb e po ashtu nga shitja e kostumeve, ne kemi arritur q\u00eb ti mbledhim 3180 euro dhe ti g\u00ebzojm\u00eb shum\u00eb familje n\u00eb nevoj\u00eb.\u201d<\/em><\/p>\n<p>Tutje, z. Islami tregoi se tanim\u00eb ka filluar edhe paketimi i ushqimeve dhe shp\u00ebrndarja e pakove p\u00ebr mbi 700 familje skamnore.<\/p>\n<p>&nbsp;<\/p>\n","protected":false},"excerpt":{"rendered":"<p>Nj\u00eb num\u00ebr i madh personash kan\u00eb marr\u00eb pjes\u00eb n\u00eb ngjarjen e p\u00ebrvitshme \u201cVrapo Babadim\u00ebr\u201d, e cila organizohet nga z. Jusuf Islami, \u00e7do dhjetor n\u00eb Prishtin\u00eb. Q\u00ebllimi kryesor i k\u00ebsaj ngjarjeje \u00ebsht\u00eb mbledhja e donacioneve p\u00ebr t\u2019i ndihmuar familjet e varfra n\u00eb Kosov\u00eb, me rastin e festave t\u00eb fund vitit. Mir\u00ebpo edhe k\u00ebt\u00eb vit, k\u00ebsaj kauze&hellip;<\/p>\n","protected":false},"author":3,"featured_media":60983,"comment_status":"closed","ping_status":"closed","sticky":false,"template":"","format":"standard","meta":{"_monsterinsights_skip_tracking":false,"_monsterinsights_sitenote_active":false,"_monsterinsights_sitenote_note":"","_monsterinsights_sitenote_category":0,"footnotes":""},"categories":[2],"tags":[],"class_list":["post-60980","post","type-post","status-publish","format-standard","has-post-thumbnail","hentry","category-news","category-2","description-off"],"_links":{"self":[{"href":"https:\/\/radiokfor.com\/1\/wp-json\/wp\/v2\/posts\/60980","targetHints":{"allow":["GET"]}}],"collection":[{"href":"https:\/\/radiokfor.com\/1\/wp-json\/wp\/v2\/posts"}],"about":[{"href":"https:\/\/radiokfor.com\/1\/wp-json\/wp\/v2\/types\/post"}],"author":[{"embeddable":true,"href":"https:\/\/radiokfor.com\/1\/wp-json\/wp\/v2\/users\/3"}],"replies":[{"embeddable":true,"href":"https:\/\/radiokfor.com\/1\/wp-json\/wp\/v2\/comments?post=60980"}],"version-history":[{"count":1,"href":"https:\/\/radiokfor.com\/1\/wp-json\/wp\/v2\/posts\/60980\/revisions"}],"predecessor-version":[{"id":60982,"href":"https:\/\/radiokfor.com\/1\/wp-json\/wp\/v2\/posts\/60980\/revisions\/60982"}],"wp:featuredmedia":[{"embeddable":true,"href":"https:\/\/radiokfor.com\/1\/wp-json\/wp\/v2\/media\/60983"}],"wp:attachment":[{"href":"https:\/\/radiokfor.com\/1\/wp-json\/wp\/v2\/media?parent=60980"}],"wp:term":[{"taxonomy":"category","embeddable":true,"href":"https:\/\/radiokfor.com\/1\/wp-json\/wp\/v2\/categories?post=60980"},{"taxonomy":"post_tag","embeddable":true,"href":"https:\/\/radiokfor.com\/1\/wp-json\/wp\/v2\/tags?post=60980"}],"curies":[{"name":"wp","href":"https:\/\/api.w.org\/{rel}","templated":true}]}}