{"id":59012,"date":"2021-07-19T05:02:46","date_gmt":"2021-07-19T05:02:46","guid":{"rendered":"http:\/\/radiokfor.com\/1\/?p=59012"},"modified":"2021-07-09T13:45:37","modified_gmt":"2021-07-09T13:45:37","slug":"policia-e-kosoves-e-perkushtuar-ne-mbajtjen-e-rendit-dhe-sigurise-ne-trafik","status":"publish","type":"post","link":"https:\/\/radiokfor.com\/1\/policia-e-kosoves-e-perkushtuar-ne-mbajtjen-e-rendit-dhe-sigurise-ne-trafik\/","title":{"rendered":"Policia e Kosov\u00ebs e p\u00ebrkushtuar n\u00eb mbajtjen e rendit dhe siguris\u00eb n\u00eb trafik"},"content":{"rendered":"<p>Ashtu sikurse n\u00eb vitet e shkuara edhe vera e vitit 2021, pritet t\u00eb jet\u00eb e \u2018ngarkuar\u2019 n\u00eb trafikun rrugor dhe pritet fluks i madh n\u00eb pikat kufitare. K\u00ebt\u00eb e d\u00ebshmojn\u00eb edhe statistikat e hyrje-daljeve n\u00eb vendkalimet kufitare, ku vet\u00ebm n\u00eb jav\u00ebn e par\u00eb t\u00eb muajit korrik, kemi pasur qindra e mij\u00ebra persona q\u00eb kan\u00eb kaluar n\u00ebp\u00ebr pikat kufitare.<br \/>\nP\u00ebr t\u00eb kuptuar m\u00eb shum\u00eb rreth fluksit t\u00eb kalimtar\u00ebve n\u00eb pikat kufitare, Radio KFOR-i ka zhvilluar nj\u00eb intervist\u00eb me Z\u00ebdh\u00ebn\u00ebsin e Policis\u00eb s\u00eb Kosov\u00ebs, z. Baki Kelani<em>: \u201cReferuar sezonit veror, ne si Polici e Kosov\u00ebs, e dim\u00eb q\u00eb kemi num\u00ebr t\u00eb madh t\u00eb bashkatdhetar\u00ebve q\u00eb vijn\u00eb n\u00eb Kosov\u00eb p\u00ebr pushime, e bazuar n\u00eb k\u00ebt\u00eb Policia e Kosov\u00ebs nd\u00ebrmerr masa me koh\u00eb, me planifikimet e saja n\u00eb pikat e ndryshme kufitare, duke p\u00ebrfshir\u00eb edhe prezenc\u00ebn policore n\u00eb vendkalimet kufitare dhe nj\u00ebkoh\u00ebsisht shtimin e prezenc\u00ebs policore n\u00eb rajone t\u00eb ndryshme, n\u00eb zonat e qyteteve ku kemi frekuentim m\u00eb t\u00eb madh t\u00eb qytetar\u00ebve. N\u00eb pikat kufitare b\u00ebjm\u00eb shtim t\u00eb personelit, kryesisht n\u00eb ato pika t\u00eb cilat jan\u00eb m\u00eb t\u00eb frekuentuara, e q\u00eb zakonisht pikat kufitare m\u00eb t\u00eb frekuentuara jan\u00eb vendkalimet kufitare me Shqip\u00ebrin\u00eb dhe pik\u00eb kalimi n\u00eb Merdare. N\u00ebse e i referohemi statistikave t\u00eb hyrje-daljeve me Shqip\u00ebrin\u00eb n\u00eb fillim t\u00eb korrikut, n\u00eb hyrje jan\u00eb evidentuar 99.351 persona, p\u00ebrderisa n\u00eb dalje jan\u00eb evidentuar 108.922 persona. K\u00ebtu v\u00ebrehet q\u00eb ka fluks t\u00eb madh n\u00eb pikat kufitare n\u00eb k\u00ebt\u00eb sezon, nj\u00ebkoh\u00ebsisht num\u00ebr t\u00eb shtuar kemi edhe n\u00eb pik\u00eb kalimet kufitare me Serbin\u00eb, kryesisht n\u00eb pik\u00eb kalimet Merdare dhe Dheu i Bardh\u00eb.\u201d<\/em><\/p>\n<p>Nd\u00ebrkoh\u00eb, Z. Kelani tha se Policia e Kosov\u00ebs ve\u00e7 pikave kufitare, do t\u00eb jet\u00eb vazhdimisht n\u00eb terren edhe me fushata t\u00eb shumta k\u00ebt\u00eb ver\u00eb dhe shtoi: <em>\u201cP\u00ebrgjat\u00eb sezonit veror Policia e Kosov\u00ebs ka nd\u00ebrmarr nj\u00eb s\u00ebr\u00eb fushatash. Aktualisht bashk\u00eb me Ministrin\u00eb e Pun\u00ebve t\u00eb Brendshme, \u00ebsht\u00eb lansuar nj\u00eb fushat\u00eb e cila ju uron mir\u00ebseardhje bashkatdhetar\u00ebve n\u00eb Kosov\u00eb dhe nj\u00ebkoh\u00ebsisht p\u00ebr t\u2019u dh\u00ebn\u00eb disa k\u00ebshilla sa i p\u00ebrket trafikut rrugor, si p\u00ebr shpejt\u00ebsin\u00eb, p\u00ebrdorimin e telefonit, rripin e siguris\u00eb etj., e q\u00eb jan\u00eb n\u00eb interes t\u00eb siguris\u00eb n\u00eb trafik.\u201d<\/em><\/p>\n<p>T\u00eb gjith\u00eb ju q\u00eb jeni pjes\u00ebmarr\u00ebs n\u00eb trafik edhe Radio KFOR-i apelon p\u00ebr kujdes t\u00eb shtuar, respektim t\u00eb rregullave t\u00eb trafikut, pasi vet\u00ebm k\u00ebshtu ne kujdesemi p\u00ebr jet\u00ebn ton\u00eb dhe t\u00eb tjer\u00ebve n\u00eb trafik.<\/p>\n","protected":false},"excerpt":{"rendered":"<p>Ashtu sikurse n\u00eb vitet e shkuara edhe vera e vitit 2021, pritet t\u00eb jet\u00eb e \u2018ngarkuar\u2019 n\u00eb trafikun rrugor dhe pritet fluks i madh n\u00eb pikat kufitare. K\u00ebt\u00eb e d\u00ebshmojn\u00eb edhe statistikat e hyrje-daljeve n\u00eb vendkalimet kufitare, ku vet\u00ebm n\u00eb jav\u00ebn e par\u00eb t\u00eb muajit korrik, kemi pasur qindra e mij\u00ebra persona q\u00eb kan\u00eb kaluar&hellip;<\/p>\n","protected":false},"author":3,"featured_media":59013,"comment_status":"closed","ping_status":"closed","sticky":false,"template":"","format":"standard","meta":{"_monsterinsights_skip_tracking":false,"_monsterinsights_sitenote_active":false,"_monsterinsights_sitenote_note":"","_monsterinsights_sitenote_category":0,"footnotes":""},"categories":[2],"tags":[],"class_list":["post-59012","post","type-post","status-publish","format-standard","has-post-thumbnail","hentry","category-news","category-2","description-off"],"_links":{"self":[{"href":"https:\/\/radiokfor.com\/1\/wp-json\/wp\/v2\/posts\/59012","targetHints":{"allow":["GET"]}}],"collection":[{"href":"https:\/\/radiokfor.com\/1\/wp-json\/wp\/v2\/posts"}],"about":[{"href":"https:\/\/radiokfor.com\/1\/wp-json\/wp\/v2\/types\/post"}],"author":[{"embeddable":true,"href":"https:\/\/radiokfor.com\/1\/wp-json\/wp\/v2\/users\/3"}],"replies":[{"embeddable":true,"href":"https:\/\/radiokfor.com\/1\/wp-json\/wp\/v2\/comments?post=59012"}],"version-history":[{"count":1,"href":"https:\/\/radiokfor.com\/1\/wp-json\/wp\/v2\/posts\/59012\/revisions"}],"predecessor-version":[{"id":59014,"href":"https:\/\/radiokfor.com\/1\/wp-json\/wp\/v2\/posts\/59012\/revisions\/59014"}],"wp:featuredmedia":[{"embeddable":true,"href":"https:\/\/radiokfor.com\/1\/wp-json\/wp\/v2\/media\/59013"}],"wp:attachment":[{"href":"https:\/\/radiokfor.com\/1\/wp-json\/wp\/v2\/media?parent=59012"}],"wp:term":[{"taxonomy":"category","embeddable":true,"href":"https:\/\/radiokfor.com\/1\/wp-json\/wp\/v2\/categories?post=59012"},{"taxonomy":"post_tag","embeddable":true,"href":"https:\/\/radiokfor.com\/1\/wp-json\/wp\/v2\/tags?post=59012"}],"curies":[{"name":"wp","href":"https:\/\/api.w.org\/{rel}","templated":true}]}}