{"id":58562,"date":"2021-06-11T07:13:07","date_gmt":"2021-06-11T07:13:07","guid":{"rendered":"http:\/\/radiokfor.com\/1\/?p=58562"},"modified":"2021-06-11T07:13:07","modified_gmt":"2021-06-11T07:13:07","slug":"puna-dhe-rendesine-e-punetoreve-te-mirembajtjes-ne-kohe-pandemie","status":"publish","type":"post","link":"https:\/\/radiokfor.com\/1\/puna-dhe-rendesine-e-punetoreve-te-mirembajtjes-ne-kohe-pandemie\/","title":{"rendered":"Puna dhe r\u00ebnd\u00ebsin\u00eb e pun\u00ebtor\u00ebve t\u00eb mir\u00ebmbajtjes, n\u00eb koh\u00eb pandemie"},"content":{"rendered":"<p>Past\u00ebrtia dhe higjiena, nuk kan\u00eb qen\u00eb asnj\u00ebher\u00eb m\u00eb shqet\u00ebsuese sesa p\u00ebrgjat\u00eb pandemis\u00eb COVID-19, ku u shfaq nj\u00eb k\u00ebrkes\u00eb e p\u00ebrshkall\u00ebzuar p\u00ebr t\u00eb pastruar dhe dezinfektuar t\u00eb gjitha hap\u00ebsirat publike,\u00a0 qendrat e ndryshme, shkollat, nd\u00ebrtesat kolektive, zyrat etj. Kjo k\u00ebrkes\u00eb e madhe \u00e7oi n\u00eb rritjen e rreziqeve, me t\u00eb cilat u p\u00ebrball\u00ebn pun\u00ebtor\u00ebt e pastrimit dhe t\u00eb mir\u00ebmbajtjes.<\/p>\n<p>K\u00ebsaj sfide globale nuk i shp\u00ebtoi as menaxheri i kompanis\u00eb s\u00eb pastrimit, Labinot Sherifi, i cili p\u00ebr Radio KFOR-in tregoi p\u00ebrkushtimin e tij, ndaj mir\u00ebmbajtjes s\u00eb past\u00ebrtis\u00eb: <em>\u201cNe si kompani e pastrimit, mund t\u00eb them se gjat\u00eb pandemis\u00eb e kemi dh\u00ebn\u00eb maksimumin ton\u00eb. Kemi pasur edhe momente t\u00eb v\u00ebshtira, por me vullnetin ton\u00eb p\u00ebr pun\u00eb e kemi tejkaluar. N\u00eb fakt, problemet m\u00eb t\u00eb m\u00ebdha jan\u00eb me ata persona q\u00eb nuk jan\u00eb m\u00ebsuar t\u00eb jetojn\u00eb n\u00eb nd\u00ebrtesa kolektive.\u201d<\/em><\/p>\n<p>Kujdesi, pastrimi dhe dezinfektimi i rregullt mund t\u00eb ndihmoj\u00eb n\u00eb parandalimin e p\u00ebrhapjes s\u00eb s\u00ebmundjeve, duke p\u00ebrfshir\u00eb edhe virusin COVID-19.<\/p>\n","protected":false},"excerpt":{"rendered":"<p>Past\u00ebrtia dhe higjiena, nuk kan\u00eb qen\u00eb asnj\u00ebher\u00eb m\u00eb shqet\u00ebsuese sesa p\u00ebrgjat\u00eb pandemis\u00eb COVID-19, ku u shfaq nj\u00eb k\u00ebrkes\u00eb e p\u00ebrshkall\u00ebzuar p\u00ebr t\u00eb pastruar dhe dezinfektuar t\u00eb gjitha hap\u00ebsirat publike,\u00a0 qendrat e ndryshme, shkollat, nd\u00ebrtesat kolektive, zyrat etj. Kjo k\u00ebrkes\u00eb e madhe \u00e7oi n\u00eb rritjen e rreziqeve, me t\u00eb cilat u p\u00ebrball\u00ebn pun\u00ebtor\u00ebt e pastrimit dhe&hellip;<\/p>\n","protected":false},"author":3,"featured_media":58563,"comment_status":"closed","ping_status":"closed","sticky":false,"template":"","format":"standard","meta":{"_monsterinsights_skip_tracking":false,"_monsterinsights_sitenote_active":false,"_monsterinsights_sitenote_note":"","_monsterinsights_sitenote_category":0,"footnotes":""},"categories":[2],"tags":[],"class_list":["post-58562","post","type-post","status-publish","format-standard","has-post-thumbnail","hentry","category-news","category-2","description-off"],"_links":{"self":[{"href":"https:\/\/radiokfor.com\/1\/wp-json\/wp\/v2\/posts\/58562","targetHints":{"allow":["GET"]}}],"collection":[{"href":"https:\/\/radiokfor.com\/1\/wp-json\/wp\/v2\/posts"}],"about":[{"href":"https:\/\/radiokfor.com\/1\/wp-json\/wp\/v2\/types\/post"}],"author":[{"embeddable":true,"href":"https:\/\/radiokfor.com\/1\/wp-json\/wp\/v2\/users\/3"}],"replies":[{"embeddable":true,"href":"https:\/\/radiokfor.com\/1\/wp-json\/wp\/v2\/comments?post=58562"}],"version-history":[{"count":1,"href":"https:\/\/radiokfor.com\/1\/wp-json\/wp\/v2\/posts\/58562\/revisions"}],"predecessor-version":[{"id":58564,"href":"https:\/\/radiokfor.com\/1\/wp-json\/wp\/v2\/posts\/58562\/revisions\/58564"}],"wp:featuredmedia":[{"embeddable":true,"href":"https:\/\/radiokfor.com\/1\/wp-json\/wp\/v2\/media\/58563"}],"wp:attachment":[{"href":"https:\/\/radiokfor.com\/1\/wp-json\/wp\/v2\/media?parent=58562"}],"wp:term":[{"taxonomy":"category","embeddable":true,"href":"https:\/\/radiokfor.com\/1\/wp-json\/wp\/v2\/categories?post=58562"},{"taxonomy":"post_tag","embeddable":true,"href":"https:\/\/radiokfor.com\/1\/wp-json\/wp\/v2\/tags?post=58562"}],"curies":[{"name":"wp","href":"https:\/\/api.w.org\/{rel}","templated":true}]}}