{"id":58496,"date":"2021-06-07T09:03:45","date_gmt":"2021-06-07T09:03:45","guid":{"rendered":"http:\/\/radiokfor.com\/1\/?p=58496"},"modified":"2021-06-07T09:03:45","modified_gmt":"2021-06-07T09:03:45","slug":"ne-diten-e-sotme-kerkohet-siguri-me-e-madhe-ne-ushqim","status":"publish","type":"post","link":"https:\/\/radiokfor.com\/1\/ne-diten-e-sotme-kerkohet-siguri-me-e-madhe-ne-ushqim\/","title":{"rendered":"N\u00eb dit\u00ebn e sotme, k\u00ebrkohet siguri m\u00eb e madhe n\u00eb ushqim"},"content":{"rendered":"<p>\u2018Dita Bot\u00ebrore e Siguris\u00eb s\u00eb Ushqimit\u2019 sh\u00ebnohet sot (07.06.21) dhe synon t\u00eb t\u00ebrheq\u00eb v\u00ebmendjen dhe t\u00eb frym\u00ebzoj\u00eb veprime p\u00ebr t\u00eb ndihmuar n\u00eb parandalimin, zbulimin dhe menaxhimin e rreziqeve q\u00eb vijn\u00eb nga ushqimi, duke kontribuar n\u00eb sigurin\u00eb ushqimore, sh\u00ebndetin e njeriut, prosperitetin ekonomik, bujq\u00ebsin\u00eb, aksesin n\u00eb treg, turizmin dhe zhvillimin e q\u00ebndruesh\u00ebm.<\/p>\n<p>Sekretari i P\u00ebrgjithsh\u00ebm i Kombeve t\u00eb Bashkuara miratoi rezolut\u00ebn 73\/250, m\u00eb 20 dhjetor t\u00eb vitit 2018, p\u00ebr caktimin e \u2018Dit\u00ebs Bot\u00ebrore t\u00eb Siguris\u00eb s\u00eb Ushqimit\u2019 dhe nj\u00eb vit m\u00eb von\u00eb, kjo dat\u00eb u sh\u00ebnua me aktivitete t\u00eb ndryshme, duke v\u00ebn\u00eb n\u00eb pah p\u00ebrfitimet nga ushqimi i sigurt, p\u00ebr t\u00eb gjith\u00eb.<\/p>\n<p>Ekspert\u00ebt sh\u00ebndet\u00ebsor n\u00ebnvizojn\u00eb se ushqimi i sigurt ka nj\u00eb r\u00ebnd\u00ebsi qen\u00ebsore p\u00ebr promovimin e sh\u00ebndetit dhe eliminimin e uris\u00eb, t\u00eb cilat jan\u00eb dy q\u00ebllimet kryesore t\u00eb Agjend\u00ebs, deri n\u00eb vitin 2030.<\/p>\n","protected":false},"excerpt":{"rendered":"<p>\u2018Dita Bot\u00ebrore e Siguris\u00eb s\u00eb Ushqimit\u2019 sh\u00ebnohet sot (07.06.21) dhe synon t\u00eb t\u00ebrheq\u00eb v\u00ebmendjen dhe t\u00eb frym\u00ebzoj\u00eb veprime p\u00ebr t\u00eb ndihmuar n\u00eb parandalimin, zbulimin dhe menaxhimin e rreziqeve q\u00eb vijn\u00eb nga ushqimi, duke kontribuar n\u00eb sigurin\u00eb ushqimore, sh\u00ebndetin e njeriut, prosperitetin ekonomik, bujq\u00ebsin\u00eb, aksesin n\u00eb treg, turizmin dhe zhvillimin e q\u00ebndruesh\u00ebm. Sekretari i P\u00ebrgjithsh\u00ebm i&hellip;<\/p>\n","protected":false},"author":3,"featured_media":58497,"comment_status":"closed","ping_status":"closed","sticky":false,"template":"","format":"standard","meta":{"_monsterinsights_skip_tracking":false,"_monsterinsights_sitenote_active":false,"_monsterinsights_sitenote_note":"","_monsterinsights_sitenote_category":0,"footnotes":""},"categories":[2],"tags":[],"class_list":["post-58496","post","type-post","status-publish","format-standard","has-post-thumbnail","hentry","category-news","category-2","description-off"],"_links":{"self":[{"href":"https:\/\/radiokfor.com\/1\/wp-json\/wp\/v2\/posts\/58496","targetHints":{"allow":["GET"]}}],"collection":[{"href":"https:\/\/radiokfor.com\/1\/wp-json\/wp\/v2\/posts"}],"about":[{"href":"https:\/\/radiokfor.com\/1\/wp-json\/wp\/v2\/types\/post"}],"author":[{"embeddable":true,"href":"https:\/\/radiokfor.com\/1\/wp-json\/wp\/v2\/users\/3"}],"replies":[{"embeddable":true,"href":"https:\/\/radiokfor.com\/1\/wp-json\/wp\/v2\/comments?post=58496"}],"version-history":[{"count":1,"href":"https:\/\/radiokfor.com\/1\/wp-json\/wp\/v2\/posts\/58496\/revisions"}],"predecessor-version":[{"id":58498,"href":"https:\/\/radiokfor.com\/1\/wp-json\/wp\/v2\/posts\/58496\/revisions\/58498"}],"wp:featuredmedia":[{"embeddable":true,"href":"https:\/\/radiokfor.com\/1\/wp-json\/wp\/v2\/media\/58497"}],"wp:attachment":[{"href":"https:\/\/radiokfor.com\/1\/wp-json\/wp\/v2\/media?parent=58496"}],"wp:term":[{"taxonomy":"category","embeddable":true,"href":"https:\/\/radiokfor.com\/1\/wp-json\/wp\/v2\/categories?post=58496"},{"taxonomy":"post_tag","embeddable":true,"href":"https:\/\/radiokfor.com\/1\/wp-json\/wp\/v2\/tags?post=58496"}],"curies":[{"name":"wp","href":"https:\/\/api.w.org\/{rel}","templated":true}]}}