{"id":58340,"date":"2021-05-26T06:00:18","date_gmt":"2021-05-26T06:00:18","guid":{"rendered":"http:\/\/radiokfor.com\/1\/?p=58340"},"modified":"2021-05-25T11:49:55","modified_gmt":"2021-05-25T11:49:55","slug":"budistet-neper-bote-shenojne-diten-e-vesak-ut","status":"publish","type":"post","link":"https:\/\/radiokfor.com\/1\/budistet-neper-bote-shenojne-diten-e-vesak-ut\/","title":{"rendered":"Budist\u00ebt n\u00ebp\u00ebr bot\u00eb sh\u00ebnojn\u00eb \u2018Dit\u00ebn e Vesak-ut\u2019"},"content":{"rendered":"<p>Dita e sotme e njohur ndryshe edhe si \u2018Dita e Vesak-ut\u2019, \u00ebsht\u00eb m\u00eb e shenjta p\u00ebr budist\u00ebt kudo n\u00eb bot\u00eb. Rreth 500 milion\u00eb njer\u00ebz q\u00eb i takojn\u00eb k\u00ebtij besimi, e sh\u00ebnojn\u00eb k\u00ebt\u00eb dit\u00eb n\u00eb h\u00ebn\u00ebn e plot\u00eb t\u00eb muajit maj, pasi q\u00eb Vesak-u \u00ebsht\u00eb i bazuar n\u00eb kalendarin h\u00ebnor aziatik dhe nuk ka nj\u00eb dat\u00eb t\u00eb sakt\u00eb, nd\u00ebr vite.<\/p>\n<p>Autorja e shum\u00eb librave mbi dashurin\u00eb, lumturin\u00eb dhe sh\u00ebrimin e vetes, Vjollca Sadiku, p\u00ebr Radio KFOR-in ka treguar p\u00ebr r\u00ebnd\u00ebsin\u00eb e k\u00ebsaj dite: <em>\u201cP\u00ebr mua personalisht sh\u00ebnimi i dit\u00ebs s\u00eb Vesak-ut, \u00ebsht\u00eb shum\u00eb i r\u00ebnd\u00ebsish\u00ebm, sepse sapo mendoj p\u00ebr Bud\u00ebn, m\u00eb jep nj\u00eb ndjenj\u00eb hyjnore, qet\u00ebsie dhe m\u00eb d\u00ebrgon n\u00eb frekuenc\u00ebn e krijuesit. T\u00eb gjith\u00ebve do ju rekomandoja t\u00eb lexojn\u00eb dhe t\u00eb ri-lexojn\u00eb th\u00ebniet e tij dhe t\u00eb q\u00ebndrojn\u00eb n\u00eb energjin\u00eb e tij, q\u00eb t\u00eb njohin kuptimin e jet\u00ebs dhe t\u00eb v\u00ebrtet\u00ebn e dashuris\u00eb.\u201d <\/em><\/p>\n<p>Kjo fest\u00eb \u00ebsht\u00eb e njohur nga t\u00eb gjith\u00eb njer\u00ebzit e besimit budist, por m\u00ebnyra e sh\u00ebnimit t\u00eb saj dallon nga vendi n\u00eb vend, ku dekorimi i tempujve, veprat e mira, bamir\u00ebsia dhe meditimi, jan\u00eb vet\u00ebm disa nga m\u00ebnyrat se si mund t\u00eb sh\u00ebnohet kjo dit\u00eb.<\/p>\n","protected":false},"excerpt":{"rendered":"<p>Dita e sotme e njohur ndryshe edhe si \u2018Dita e Vesak-ut\u2019, \u00ebsht\u00eb m\u00eb e shenjta p\u00ebr budist\u00ebt kudo n\u00eb bot\u00eb. Rreth 500 milion\u00eb njer\u00ebz q\u00eb i takojn\u00eb k\u00ebtij besimi, e sh\u00ebnojn\u00eb k\u00ebt\u00eb dit\u00eb n\u00eb h\u00ebn\u00ebn e plot\u00eb t\u00eb muajit maj, pasi q\u00eb Vesak-u \u00ebsht\u00eb i bazuar n\u00eb kalendarin h\u00ebnor aziatik dhe nuk ka nj\u00eb dat\u00eb&hellip;<\/p>\n","protected":false},"author":6,"featured_media":58341,"comment_status":"closed","ping_status":"closed","sticky":false,"template":"","format":"standard","meta":{"_monsterinsights_skip_tracking":false,"_monsterinsights_sitenote_active":false,"_monsterinsights_sitenote_note":"","_monsterinsights_sitenote_category":0,"footnotes":""},"categories":[2],"tags":[],"class_list":["post-58340","post","type-post","status-publish","format-standard","has-post-thumbnail","hentry","category-news","category-2","description-off"],"_links":{"self":[{"href":"https:\/\/radiokfor.com\/1\/wp-json\/wp\/v2\/posts\/58340","targetHints":{"allow":["GET"]}}],"collection":[{"href":"https:\/\/radiokfor.com\/1\/wp-json\/wp\/v2\/posts"}],"about":[{"href":"https:\/\/radiokfor.com\/1\/wp-json\/wp\/v2\/types\/post"}],"author":[{"embeddable":true,"href":"https:\/\/radiokfor.com\/1\/wp-json\/wp\/v2\/users\/6"}],"replies":[{"embeddable":true,"href":"https:\/\/radiokfor.com\/1\/wp-json\/wp\/v2\/comments?post=58340"}],"version-history":[{"count":2,"href":"https:\/\/radiokfor.com\/1\/wp-json\/wp\/v2\/posts\/58340\/revisions"}],"predecessor-version":[{"id":58343,"href":"https:\/\/radiokfor.com\/1\/wp-json\/wp\/v2\/posts\/58340\/revisions\/58343"}],"wp:featuredmedia":[{"embeddable":true,"href":"https:\/\/radiokfor.com\/1\/wp-json\/wp\/v2\/media\/58341"}],"wp:attachment":[{"href":"https:\/\/radiokfor.com\/1\/wp-json\/wp\/v2\/media?parent=58340"}],"wp:term":[{"taxonomy":"category","embeddable":true,"href":"https:\/\/radiokfor.com\/1\/wp-json\/wp\/v2\/categories?post=58340"},{"taxonomy":"post_tag","embeddable":true,"href":"https:\/\/radiokfor.com\/1\/wp-json\/wp\/v2\/tags?post=58340"}],"curies":[{"name":"wp","href":"https:\/\/api.w.org\/{rel}","templated":true}]}}