{"id":58314,"date":"2021-05-25T06:09:34","date_gmt":"2021-05-25T06:09:34","guid":{"rendered":"http:\/\/radiokfor.com\/1\/?p=58314"},"modified":"2021-05-24T13:11:13","modified_gmt":"2021-05-24T13:11:13","slug":"zvogelohet-dukshem-numri-i-te-infektuarve-me-covid-19","status":"publish","type":"post","link":"https:\/\/radiokfor.com\/1\/zvogelohet-dukshem-numri-i-te-infektuarve-me-covid-19\/","title":{"rendered":"Zvog\u00eblohet duksh\u00ebm numri i t\u00eb infektuarve me COVID-19"},"content":{"rendered":"<p>Sipas Institutit Komb\u00ebtar t\u00eb Sh\u00ebndetit Publik t\u00eb Kosov\u00ebs (IKSHPK), gjat\u00eb 24 or\u00ebve t\u00eb fundit, jan\u00eb regjistruar 14 raste t\u00eb reja, me virusin COVID-19 dhe \u00ebsht\u00eb raportuar 1 rast i vdekjes me SARS CoV-2 pozitiv.<\/p>\n<p>Se duhet t\u00eb kemi kujdes edhe m\u00eb tutje dhe t\u00eb respektojm\u00eb masat anti-kovid, e tha p\u00ebr Radio KFOR-in edhe pulmologu, Dr. Arb\u00ebr Ismaili: <em>\u201cGjendja e p\u00ebrgjithshme \u00ebsht\u00eb e qet\u00eb, numri i t\u00eb infektuarve \u00ebsht\u00eb zvog\u00ebluar duksh\u00ebm, por prap\u00eb duhet t\u00eb vazhdohet t\u00eb respektohen masat anti-kovid. Tash duhet t\u00eb kemi parasysh edhe procesin e vaksinimit. T\u00eb gjith\u00eb ata q\u00eb nuk kan\u00eb probleme sh\u00ebndet\u00ebsore duhet t\u00eb vaksinohen, kurse ata q\u00eb kan\u00eb probleme, s\u00eb pari duhet t\u00eb konsultohen me pulmologun, e pastaj t\u2019i n\u00ebnshtrohen vaksinimit.\u201d<\/em><\/p>\n<p>Bazuar n\u00eb raportin e IKSHPK-s\u00eb, deri m\u00eb tani, numri total i rasteve pozitive \u00ebsht\u00eb 107.258 raste, nga 593.728 persona t\u00eb dyshimt\u00eb n\u00eb virusin SARS-CoV-2 dhe 2.240 raste t\u00eb vdekjes.<\/p>\n","protected":false},"excerpt":{"rendered":"<p>Sipas Institutit Komb\u00ebtar t\u00eb Sh\u00ebndetit Publik t\u00eb Kosov\u00ebs (IKSHPK), gjat\u00eb 24 or\u00ebve t\u00eb fundit, jan\u00eb regjistruar 14 raste t\u00eb reja, me virusin COVID-19 dhe \u00ebsht\u00eb raportuar 1 rast i vdekjes me SARS CoV-2 pozitiv. Se duhet t\u00eb kemi kujdes edhe m\u00eb tutje dhe t\u00eb respektojm\u00eb masat anti-kovid, e tha p\u00ebr Radio KFOR-in edhe pulmologu, Dr.&hellip;<\/p>\n","protected":false},"author":3,"featured_media":58315,"comment_status":"closed","ping_status":"closed","sticky":false,"template":"","format":"standard","meta":{"_monsterinsights_skip_tracking":false,"_monsterinsights_sitenote_active":false,"_monsterinsights_sitenote_note":"","_monsterinsights_sitenote_category":0,"footnotes":""},"categories":[2],"tags":[],"class_list":["post-58314","post","type-post","status-publish","format-standard","has-post-thumbnail","hentry","category-news","category-2","description-off"],"_links":{"self":[{"href":"https:\/\/radiokfor.com\/1\/wp-json\/wp\/v2\/posts\/58314","targetHints":{"allow":["GET"]}}],"collection":[{"href":"https:\/\/radiokfor.com\/1\/wp-json\/wp\/v2\/posts"}],"about":[{"href":"https:\/\/radiokfor.com\/1\/wp-json\/wp\/v2\/types\/post"}],"author":[{"embeddable":true,"href":"https:\/\/radiokfor.com\/1\/wp-json\/wp\/v2\/users\/3"}],"replies":[{"embeddable":true,"href":"https:\/\/radiokfor.com\/1\/wp-json\/wp\/v2\/comments?post=58314"}],"version-history":[{"count":2,"href":"https:\/\/radiokfor.com\/1\/wp-json\/wp\/v2\/posts\/58314\/revisions"}],"predecessor-version":[{"id":58318,"href":"https:\/\/radiokfor.com\/1\/wp-json\/wp\/v2\/posts\/58314\/revisions\/58318"}],"wp:featuredmedia":[{"embeddable":true,"href":"https:\/\/radiokfor.com\/1\/wp-json\/wp\/v2\/media\/58315"}],"wp:attachment":[{"href":"https:\/\/radiokfor.com\/1\/wp-json\/wp\/v2\/media?parent=58314"}],"wp:term":[{"taxonomy":"category","embeddable":true,"href":"https:\/\/radiokfor.com\/1\/wp-json\/wp\/v2\/categories?post=58314"},{"taxonomy":"post_tag","embeddable":true,"href":"https:\/\/radiokfor.com\/1\/wp-json\/wp\/v2\/tags?post=58314"}],"curies":[{"name":"wp","href":"https:\/\/api.w.org\/{rel}","templated":true}]}}