{"id":57984,"date":"2021-04-26T12:12:07","date_gmt":"2021-04-26T12:12:07","guid":{"rendered":"http:\/\/radiokfor.com\/1\/?p=57984"},"modified":"2021-04-26T14:41:29","modified_gmt":"2021-04-26T14:41:29","slug":"vitet-e-70-rikthehen-dhe-dominojne-ne-stilin-e-modes","status":"publish","type":"post","link":"https:\/\/radiokfor.com\/1\/vitet-e-70-rikthehen-dhe-dominojne-ne-stilin-e-modes\/","title":{"rendered":"Vitet e 70-ta, rikthehen dhe dominojn\u00eb n\u00eb stilin e mod\u00ebs"},"content":{"rendered":"<p>Nj\u00eb pranver\u00eb shum\u00ebngjyr\u00ebshe na pret p\u00ebrgjat\u00eb 2021. Jan\u00eb trendet e fundit q\u00eb i jan\u00eb shtuar mod\u00ebs e q\u00eb do t\u2019i shohim shpesh rrug\u00ebve p\u00ebrgjat\u00eb stin\u00ebs. Por se \u00e7far\u00eb do t\u00eb dominoj\u00eb n\u00eb stilet e veshjeve t\u00eb k\u00ebsaj stine, p\u00ebr Radio KFOR-in ka treguar disenjatorja kosovare, Venera Mustafa: <em>\u201cSa i p\u00ebrket veshjeve, vitin q\u00eb e kemi l\u00ebn\u00eb pas, ishin n\u00eb p\u00ebrdorim jasht\u00ebzakonisht shum\u00eb \u00e7antat e vogla dhe veshjet e stilit t\u00eb vitit 2000. Nd\u00ebrsa k\u00ebt\u00eb vit, moda ka kaluar n\u00eb vitet 70-ta. Modele me thurje \u2018chunky\u2019, nga veshjet e m\u00ebngjesit deri tek xhaketat e gjera dhe t\u00eb gjata si dhe t\u00eb gjitha rrobat e thurura do t\u00eb jen\u00eb jasht\u00ebzakonisht t\u00eb p\u00ebrhapura.\u00a0 Veshjet transparente do t\u00eb jen\u00eb t\u00eb domosdoshme p\u00ebr k\u00ebt\u00eb vit. Sa i p\u00ebrket ngjyrave, \u00a0do t\u00eb jen\u00eb trendi e verdha e but\u00eb, portokalli, roz\u00eb, nj\u00eb lloj neoni n\u00eb t\u00eb verdh\u00eb dhe jeshile. Padyshim edhe zeza do t\u00eb jet\u00eb trend edhe k\u00ebt\u00eb vit.\u201d <\/em><\/p>\n<p>Ngjyra e zez\u00eb, e cila \u00ebsht\u00eb pjes\u00eb e trendeve t\u00eb t\u00eb gjitha sezoneve e viteve, do t\u00eb jen\u00eb shum\u00eb n\u00eb shprehje edhe p\u00ebrgjat\u00eb pranver\u00ebs s\u00eb 2021-\u00ebs, mir\u00ebpo edhe sht\u00ebpit\u00eb bot\u00ebrore t\u00eb mod\u00ebs, kan\u00eb sugjeruar q\u00eb ngjyra e zez\u00eb do t\u00eb dominoj\u00eb n\u00eb maskat e fytyr\u00ebs, t\u00eb cilat vazhdojn\u00eb n\u00eb jen\u00eb obligative n\u00eb shum\u00eb vende t\u00eb bot\u00ebs, si nj\u00eb nga masat p\u00ebr t\u00eb frenuar shp\u00ebrndarjen e CoViD-19.<\/p>\n","protected":false},"excerpt":{"rendered":"<p>Nj\u00eb pranver\u00eb shum\u00ebngjyr\u00ebshe na pret p\u00ebrgjat\u00eb 2021. Jan\u00eb trendet e fundit q\u00eb i jan\u00eb shtuar mod\u00ebs e q\u00eb do t\u2019i shohim shpesh rrug\u00ebve p\u00ebrgjat\u00eb stin\u00ebs. Por se \u00e7far\u00eb do t\u00eb dominoj\u00eb n\u00eb stilet e veshjeve t\u00eb k\u00ebsaj stine, p\u00ebr Radio KFOR-in ka treguar disenjatorja kosovare, Venera Mustafa: \u201cSa i p\u00ebrket veshjeve, vitin q\u00eb e kemi&hellip;<\/p>\n","protected":false},"author":3,"featured_media":57985,"comment_status":"closed","ping_status":"closed","sticky":false,"template":"","format":"standard","meta":{"_monsterinsights_skip_tracking":false,"_monsterinsights_sitenote_active":false,"_monsterinsights_sitenote_note":"","_monsterinsights_sitenote_category":0,"footnotes":""},"categories":[2],"tags":[],"class_list":["post-57984","post","type-post","status-publish","format-standard","has-post-thumbnail","hentry","category-news","category-2","description-off"],"_links":{"self":[{"href":"https:\/\/radiokfor.com\/1\/wp-json\/wp\/v2\/posts\/57984","targetHints":{"allow":["GET"]}}],"collection":[{"href":"https:\/\/radiokfor.com\/1\/wp-json\/wp\/v2\/posts"}],"about":[{"href":"https:\/\/radiokfor.com\/1\/wp-json\/wp\/v2\/types\/post"}],"author":[{"embeddable":true,"href":"https:\/\/radiokfor.com\/1\/wp-json\/wp\/v2\/users\/3"}],"replies":[{"embeddable":true,"href":"https:\/\/radiokfor.com\/1\/wp-json\/wp\/v2\/comments?post=57984"}],"version-history":[{"count":3,"href":"https:\/\/radiokfor.com\/1\/wp-json\/wp\/v2\/posts\/57984\/revisions"}],"predecessor-version":[{"id":57998,"href":"https:\/\/radiokfor.com\/1\/wp-json\/wp\/v2\/posts\/57984\/revisions\/57998"}],"wp:featuredmedia":[{"embeddable":true,"href":"https:\/\/radiokfor.com\/1\/wp-json\/wp\/v2\/media\/57985"}],"wp:attachment":[{"href":"https:\/\/radiokfor.com\/1\/wp-json\/wp\/v2\/media?parent=57984"}],"wp:term":[{"taxonomy":"category","embeddable":true,"href":"https:\/\/radiokfor.com\/1\/wp-json\/wp\/v2\/categories?post=57984"},{"taxonomy":"post_tag","embeddable":true,"href":"https:\/\/radiokfor.com\/1\/wp-json\/wp\/v2\/tags?post=57984"}],"curies":[{"name":"wp","href":"https:\/\/api.w.org\/{rel}","templated":true}]}}