{"id":57569,"date":"2021-03-26T09:55:57","date_gmt":"2021-03-26T09:55:57","guid":{"rendered":"http:\/\/radiokfor.com\/1\/?p=57569"},"modified":"2021-03-26T09:55:57","modified_gmt":"2021-03-26T09:55:57","slug":"fito-cmim-dhe-dizajno-logon-e-samitit-te-procesit-te-berlinit","status":"publish","type":"post","link":"https:\/\/radiokfor.com\/1\/fito-cmim-dhe-dizajno-logon-e-samitit-te-procesit-te-berlinit\/","title":{"rendered":"Fito \u00e7mim dhe dizajno logon e Samitit t\u00eb Procesit t\u00eb Berlinit"},"content":{"rendered":"<p>Organizata nd\u00ebrkomb\u00ebtare q\u00eb vepron n\u00ebp\u00ebrmes projekte n\u00eb 6 vende t\u00eb Ballkanit Per\u00ebndimor \u2018Regional Youth Cooperation Office (RYCO)\u2019, ka organizuar nj\u00eb gar\u00eb p\u00ebr t\u00eb rinjt\u00eb p\u00ebr t\u00eb dizajnuar logon e \u2018Samitit t\u00eb Procesit t\u00eb Berlinit\u2019, p\u00ebr k\u00ebt\u00eb vit. Thirrja \u00ebsht\u00eb e hapur p\u00ebr t\u00eb rinjt\u00eb e moshave nga 18 deri n\u00eb 30 vje\u00e7, q\u00eb vijn\u00eb nga Ballkani Per\u00ebndimor (Kosova, Serbia, Shqip\u00ebria, Bosnja dhe Hercegovina, Mali i Zi dhe Maqedonia e Veriut).<\/p>\n<p>Pjes\u00ebmarrja n\u00eb k\u00ebt\u00eb konkurs \u00ebsht\u00eb vullnetare dhe falas. Organizator\u00ebt do t\u00eb vler\u00ebsojn\u00eb autor\u00ebt e tre logove m\u00eb t\u00eb mira me \u00e7mime monetare: \u00e7mimi i par\u00eb do t\u00eb fitoj 2.000 \u20ac, \u00e7mimi i dyt\u00eb 1.000 \u20ac dhe \u00a0\u00e7mimi i tret\u00eb 500 \u20ac bruto.<\/p>\n<p>Aplikimi do t\u00eb jet\u00eb i hapur vet\u00ebm deri me dat\u00ebn <strong>7 prill, 2021<\/strong>, nd\u00ebrsa punimet e paraqitura duhet t\u00eb ruhen n\u00eb nj\u00eb rezolucion prej 300 DPI, n\u00eb dy formate si grafik\u00eb vektoriale n\u00eb format PDF ose EPS dhe n\u00eb formatin JPG. Dor\u00ebzimi \u00ebsht\u00eb i mundur vet\u00ebm p\u00ebrmes post\u00ebs elektronike. P\u00ebr informata shtes\u00eb rreth rregullave t\u00eb aplikimit mund t\u00eb vizitoni faqen: www.rycowb.org<\/p>\n","protected":false},"excerpt":{"rendered":"<p>Organizata nd\u00ebrkomb\u00ebtare q\u00eb vepron n\u00ebp\u00ebrmes projekte n\u00eb 6 vende t\u00eb Ballkanit Per\u00ebndimor \u2018Regional Youth Cooperation Office (RYCO)\u2019, ka organizuar nj\u00eb gar\u00eb p\u00ebr t\u00eb rinjt\u00eb p\u00ebr t\u00eb dizajnuar logon e \u2018Samitit t\u00eb Procesit t\u00eb Berlinit\u2019, p\u00ebr k\u00ebt\u00eb vit. Thirrja \u00ebsht\u00eb e hapur p\u00ebr t\u00eb rinjt\u00eb e moshave nga 18 deri n\u00eb 30 vje\u00e7, q\u00eb vijn\u00eb nga&hellip;<\/p>\n","protected":false},"author":3,"featured_media":57570,"comment_status":"closed","ping_status":"closed","sticky":false,"template":"","format":"standard","meta":{"_monsterinsights_skip_tracking":false,"_monsterinsights_sitenote_active":false,"_monsterinsights_sitenote_note":"","_monsterinsights_sitenote_category":0,"footnotes":""},"categories":[2],"tags":[],"class_list":["post-57569","post","type-post","status-publish","format-standard","has-post-thumbnail","hentry","category-news","category-2","description-off"],"_links":{"self":[{"href":"https:\/\/radiokfor.com\/1\/wp-json\/wp\/v2\/posts\/57569","targetHints":{"allow":["GET"]}}],"collection":[{"href":"https:\/\/radiokfor.com\/1\/wp-json\/wp\/v2\/posts"}],"about":[{"href":"https:\/\/radiokfor.com\/1\/wp-json\/wp\/v2\/types\/post"}],"author":[{"embeddable":true,"href":"https:\/\/radiokfor.com\/1\/wp-json\/wp\/v2\/users\/3"}],"replies":[{"embeddable":true,"href":"https:\/\/radiokfor.com\/1\/wp-json\/wp\/v2\/comments?post=57569"}],"version-history":[{"count":1,"href":"https:\/\/radiokfor.com\/1\/wp-json\/wp\/v2\/posts\/57569\/revisions"}],"predecessor-version":[{"id":57571,"href":"https:\/\/radiokfor.com\/1\/wp-json\/wp\/v2\/posts\/57569\/revisions\/57571"}],"wp:featuredmedia":[{"embeddable":true,"href":"https:\/\/radiokfor.com\/1\/wp-json\/wp\/v2\/media\/57570"}],"wp:attachment":[{"href":"https:\/\/radiokfor.com\/1\/wp-json\/wp\/v2\/media?parent=57569"}],"wp:term":[{"taxonomy":"category","embeddable":true,"href":"https:\/\/radiokfor.com\/1\/wp-json\/wp\/v2\/categories?post=57569"},{"taxonomy":"post_tag","embeddable":true,"href":"https:\/\/radiokfor.com\/1\/wp-json\/wp\/v2\/tags?post=57569"}],"curies":[{"name":"wp","href":"https:\/\/api.w.org\/{rel}","templated":true}]}}