{"id":57553,"date":"2021-03-26T06:14:21","date_gmt":"2021-03-26T06:14:21","guid":{"rendered":"http:\/\/radiokfor.com\/1\/?p=57553"},"modified":"2021-03-25T12:18:53","modified_gmt":"2021-03-25T12:18:53","slug":"pylli-i-arinjve-prishtina-feston-ditelindjen-e-8-te-me-radhe","status":"publish","type":"post","link":"https:\/\/radiokfor.com\/1\/pylli-i-arinjve-prishtina-feston-ditelindjen-e-8-te-me-radhe\/","title":{"rendered":"\u201cPylli i Arinjve &#8211; Prishtina\u201d feston dit\u00eblindjen e 8-t\u00eb me radh\u00eb"},"content":{"rendered":"<p>K\u00ebt\u00eb t\u00eb diel, m\u00eb 28 mars \u201cPylli i Arinjve &#8211; Prishtina\u201d, feston dit\u00eblindjen e tet\u00eb e cila lidhet edhe me dat\u00ebn e shp\u00ebtimit t\u00eb arush\u00ebs s\u00eb par\u00eb, t\u00eb cilin e kan\u00eb pag\u00ebzuar me emrin Kassandra, t\u00eb cil\u00ebn e kishin shp\u00ebtuar nga jeta n\u00eb kushte t\u00eb mjerueshme, n\u00eb vitin 2013. Pas arush\u00ebs Kassandra, u shp\u00ebtuan edhe 19-t\u00eb arinj t\u00eb tjer\u00eb, t\u00eb cil\u00ebt mbaheshin privatisht n\u00eb kushte aspak t\u00eb mira.<\/p>\n<p>P\u00ebr t\u00eb ditur m\u00eb shum\u00eb se \u00e7far\u00eb organizohet n\u00eb dit\u00eblindjen e tet\u00eb t\u00eb \u201cPyllit t\u00eb Arinjve\u201d, Radio KFOR-i kontaktoi, zyrtarin p\u00ebr komunikim dhe marketing, Taulant Hoxha:<em> \u201cN\u00eb at\u00eb dit\u00eb, ne do t\u00eb b\u00ebjm\u00eb ecjen tradicionale nga Prishtina tek \u201cPylli i Arinjve\u201d, e q\u00eb quhet \u201cEcja p\u00ebr Kassandr\u00ebn\u201d, pra i dedikohet personazhit ton\u00eb kryesor. Ne do t\u00eb promovojm\u00eb edhe nj\u00eb lib\u00ebr me ilustrime p\u00ebr f\u00ebmij\u00eb &#8220;Arinjt\u00eb dhe Bota e Tyre e Mahnitshme&#8221;, i punuar nga ekipi i \u201cPyllit t\u00eb Arinjve\u201d. D\u00ebgjuesit e juaj i njoftojm\u00eb se hyrja p\u00ebr t\u00eb gjith\u00eb vizitor\u00ebt do t\u00eb jet\u00eb pa pages\u00eb si dhe do t\u00eb ket\u00eb edhe aktivitete t\u00eb tjera t\u00eb cilat do t\u00eb organizohen aty p\u00ebr aty.\u201d<\/em><\/p>\n<p>\u201cEcja p\u00ebr Kassandr\u00ebn\u201d, e cila p\u00ebrfshin\u00eb nj\u00eb distanc\u00eb prej 22 kilometrash, do t\u00eb filloi nga Hyrja e G\u00ebrmis\u00eb, k\u00ebt\u00eb t\u00eb diel, m\u00eb 28 mars, nga ora 08:30 minuta.<\/p>\n","protected":false},"excerpt":{"rendered":"<p>K\u00ebt\u00eb t\u00eb diel, m\u00eb 28 mars \u201cPylli i Arinjve &#8211; Prishtina\u201d, feston dit\u00eblindjen e tet\u00eb e cila lidhet edhe me dat\u00ebn e shp\u00ebtimit t\u00eb arush\u00ebs s\u00eb par\u00eb, t\u00eb cilin e kan\u00eb pag\u00ebzuar me emrin Kassandra, t\u00eb cil\u00ebn e kishin shp\u00ebtuar nga jeta n\u00eb kushte t\u00eb mjerueshme, n\u00eb vitin 2013. Pas arush\u00ebs Kassandra, u shp\u00ebtuan edhe&hellip;<\/p>\n","protected":false},"author":3,"featured_media":57554,"comment_status":"closed","ping_status":"closed","sticky":false,"template":"","format":"standard","meta":{"_monsterinsights_skip_tracking":false,"_monsterinsights_sitenote_active":false,"_monsterinsights_sitenote_note":"","_monsterinsights_sitenote_category":0,"footnotes":""},"categories":[2],"tags":[],"class_list":["post-57553","post","type-post","status-publish","format-standard","has-post-thumbnail","hentry","category-news","category-2","description-off"],"_links":{"self":[{"href":"https:\/\/radiokfor.com\/1\/wp-json\/wp\/v2\/posts\/57553","targetHints":{"allow":["GET"]}}],"collection":[{"href":"https:\/\/radiokfor.com\/1\/wp-json\/wp\/v2\/posts"}],"about":[{"href":"https:\/\/radiokfor.com\/1\/wp-json\/wp\/v2\/types\/post"}],"author":[{"embeddable":true,"href":"https:\/\/radiokfor.com\/1\/wp-json\/wp\/v2\/users\/3"}],"replies":[{"embeddable":true,"href":"https:\/\/radiokfor.com\/1\/wp-json\/wp\/v2\/comments?post=57553"}],"version-history":[{"count":1,"href":"https:\/\/radiokfor.com\/1\/wp-json\/wp\/v2\/posts\/57553\/revisions"}],"predecessor-version":[{"id":57555,"href":"https:\/\/radiokfor.com\/1\/wp-json\/wp\/v2\/posts\/57553\/revisions\/57555"}],"wp:featuredmedia":[{"embeddable":true,"href":"https:\/\/radiokfor.com\/1\/wp-json\/wp\/v2\/media\/57554"}],"wp:attachment":[{"href":"https:\/\/radiokfor.com\/1\/wp-json\/wp\/v2\/media?parent=57553"}],"wp:term":[{"taxonomy":"category","embeddable":true,"href":"https:\/\/radiokfor.com\/1\/wp-json\/wp\/v2\/categories?post=57553"},{"taxonomy":"post_tag","embeddable":true,"href":"https:\/\/radiokfor.com\/1\/wp-json\/wp\/v2\/tags?post=57553"}],"curies":[{"name":"wp","href":"https:\/\/api.w.org\/{rel}","templated":true}]}}