{"id":57546,"date":"2021-03-27T06:01:35","date_gmt":"2021-03-27T06:01:35","guid":{"rendered":"http:\/\/radiokfor.com\/1\/?p=57546"},"modified":"2021-03-25T13:05:48","modified_gmt":"2021-03-25T13:05:48","slug":"shenohet-sot-dita-boterore-e-nderlidhjeve-te-shkences-mjekesore","status":"publish","type":"post","link":"https:\/\/radiokfor.com\/1\/shenohet-sot-dita-boterore-e-nderlidhjeve-te-shkences-mjekesore\/","title":{"rendered":"Sh\u00ebnohet sot \u201cDita Bot\u00ebrore e Nd\u00ebrlidhjeve t\u00eb Shkenc\u00ebs Mjek\u00ebsore\u201d"},"content":{"rendered":"<p>Nd\u00ebrlidhjet e Shkenc\u00ebs Mjek\u00ebsore u krijuan p\u00ebr her\u00eb t\u00eb par\u00eb nga \u201cUpjohn Farmaceutik\u00eb\u201d, n\u00eb vitin 1967, si nj\u00eb p\u00ebrgjigje ndaj nevoj\u00ebs p\u00ebr staf t\u00eb terrenit t\u00eb trajnuar shkenc\u00ebrisht e q\u00eb do t\u00eb ishte n\u00eb gjendje t\u00eb nd\u00ebrtonte marr\u00ebdh\u00ebnie me \u201cUdh\u00ebheq\u00ebsit Kryesor\u00eb t\u00eb Opinionit\u201d, n\u00eb fusha t\u00eb ndryshme terapeutike t\u00eb k\u00ebrkimit.<\/p>\n<p>Sot (27 mars) p\u00ebr her\u00eb t\u00eb dyt\u00eb organizohet \u201cDita Bot\u00ebrore e Nd\u00ebrlidhjeve t\u00eb Shkenc\u00ebs Mjek\u00ebsore\u201d,\u00a0 e cila tashm\u00eb \u00ebsht\u00eb tradicionale dhe do t\u00eb festohet \u00e7do vit m\u00eb 27 Mars, p\u00ebr t\u00eb njohur profesionin dhe p\u00ebr t\u00eb rritur nd\u00ebrgjegj\u00ebsimin p\u00ebr r\u00ebnd\u00ebsin\u00eb e profesionit global t\u00eb Nd\u00ebrlidhjes s\u00eb Shkenc\u00ebs Mjek\u00ebsore.<\/p>\n","protected":false},"excerpt":{"rendered":"<p>Nd\u00ebrlidhjet e Shkenc\u00ebs Mjek\u00ebsore u krijuan p\u00ebr her\u00eb t\u00eb par\u00eb nga \u201cUpjohn Farmaceutik\u00eb\u201d, n\u00eb vitin 1967, si nj\u00eb p\u00ebrgjigje ndaj nevoj\u00ebs p\u00ebr staf t\u00eb terrenit t\u00eb trajnuar shkenc\u00ebrisht e q\u00eb do t\u00eb ishte n\u00eb gjendje t\u00eb nd\u00ebrtonte marr\u00ebdh\u00ebnie me \u201cUdh\u00ebheq\u00ebsit Kryesor\u00eb t\u00eb Opinionit\u201d, n\u00eb fusha t\u00eb ndryshme terapeutike t\u00eb k\u00ebrkimit. Sot (27 mars) p\u00ebr her\u00eb&hellip;<\/p>\n","protected":false},"author":3,"featured_media":57547,"comment_status":"closed","ping_status":"closed","sticky":false,"template":"","format":"standard","meta":{"_monsterinsights_skip_tracking":false,"_monsterinsights_sitenote_active":false,"_monsterinsights_sitenote_note":"","_monsterinsights_sitenote_category":0,"footnotes":""},"categories":[2],"tags":[],"class_list":["post-57546","post","type-post","status-publish","format-standard","has-post-thumbnail","hentry","category-news","category-2","description-off"],"_links":{"self":[{"href":"https:\/\/radiokfor.com\/1\/wp-json\/wp\/v2\/posts\/57546","targetHints":{"allow":["GET"]}}],"collection":[{"href":"https:\/\/radiokfor.com\/1\/wp-json\/wp\/v2\/posts"}],"about":[{"href":"https:\/\/radiokfor.com\/1\/wp-json\/wp\/v2\/types\/post"}],"author":[{"embeddable":true,"href":"https:\/\/radiokfor.com\/1\/wp-json\/wp\/v2\/users\/3"}],"replies":[{"embeddable":true,"href":"https:\/\/radiokfor.com\/1\/wp-json\/wp\/v2\/comments?post=57546"}],"version-history":[{"count":1,"href":"https:\/\/radiokfor.com\/1\/wp-json\/wp\/v2\/posts\/57546\/revisions"}],"predecessor-version":[{"id":57548,"href":"https:\/\/radiokfor.com\/1\/wp-json\/wp\/v2\/posts\/57546\/revisions\/57548"}],"wp:featuredmedia":[{"embeddable":true,"href":"https:\/\/radiokfor.com\/1\/wp-json\/wp\/v2\/media\/57547"}],"wp:attachment":[{"href":"https:\/\/radiokfor.com\/1\/wp-json\/wp\/v2\/media?parent=57546"}],"wp:term":[{"taxonomy":"category","embeddable":true,"href":"https:\/\/radiokfor.com\/1\/wp-json\/wp\/v2\/categories?post=57546"},{"taxonomy":"post_tag","embeddable":true,"href":"https:\/\/radiokfor.com\/1\/wp-json\/wp\/v2\/tags?post=57546"}],"curies":[{"name":"wp","href":"https:\/\/api.w.org\/{rel}","templated":true}]}}