{"id":57535,"date":"2021-03-26T06:12:33","date_gmt":"2021-03-26T06:12:33","guid":{"rendered":"http:\/\/radiokfor.com\/1\/?p=57535"},"modified":"2021-03-24T16:42:02","modified_gmt":"2021-03-24T16:42:02","slug":"prishtina-nikoqire-e-nje-prej-ngjarjeve-me-te-medha-kulturore-ne-evrope-manifesta","status":"publish","type":"post","link":"https:\/\/radiokfor.com\/1\/prishtina-nikoqire-e-nje-prej-ngjarjeve-me-te-medha-kulturore-ne-evrope-manifesta\/","title":{"rendered":"Prishtina nikoqire e nj\u00eb prej ngjarjeve m\u00eb t\u00eb m\u00ebdha kulturore n\u00eb Evrop\u00eb \u2018Manifesta\u2019"},"content":{"rendered":"<p>N\u00eb nj\u00eb gar\u00eb t\u00eb ngush\u00eb me kryeqytetin e Austris\u00eb, Vjen\u00ebn dhe kryeqytetin e Ukrain\u00ebs, Kiev, Prishtina \u00ebsht\u00eb p\u00ebrzgjedhur q\u00eb t\u00eb jet\u00eb nikoqire edicionit t\u00eb 14-t\u00eb t\u00eb \u2018Manifesta\u2019\u2019, q\u00eb \u00ebsht\u00eb nj\u00eb nga ngjarjet m\u00eb t\u00eb m\u00ebdha artistike n\u00eb Evrop\u00eb. P\u00ebr t\u00eb kuptuar m\u00eb shum\u00eb p\u00ebr k\u00ebt\u00eb ngjarje q\u00eb do t\u00eb mbahet n\u00eb vitin 2022, Radio KFOR-i ka kontaktuar Drejtorin e Kultur\u00ebs n\u00eb Komun\u00ebn e Prishtin\u00ebs, Adrian Berisha, i cili ndau me ne detaje t\u00eb k\u00ebsaj ngjarjeje: \u201c<em>Manifesta \u00ebsht\u00eb nj\u00eb bienale evropiane nomadike,\u00a0 e para e formatit t\u00eb till\u00eb dhe si nj\u00eb ngjarje shum\u00eb e r\u00ebnd\u00ebsishme kulturore, do t\u00eb sh\u00ebrbej\u00eb q\u00eb qytetit yn\u00eb, Prishtina, \u00a0t\u00eb futet n\u00eb list\u00ebn e qyteteve ku mbahen ngjarje t\u00eb r\u00ebnd\u00ebsishme kulturore tash e 10 vite, n\u00eb Evrop\u00eb. Nj\u00eb bienale e till\u00eb, mbahet p\u00ebr her\u00eb t\u00eb par\u00eb n\u00eb Gadishullin Ballkanik. P\u00ebr \u2018Manifesta\u2019, tashm\u00eb kemi filluar pun\u00ebn, jan\u00eb p\u00ebrzgjedhur koordinator\u00ebt, para disa dit\u00ebsh n\u00eb Kino ARMATA kemi pasur edhe ngjarjen informuese, ku i kemi informuar qytetar\u00ebt, t\u00eb cil\u00ebt i shohim jetik n\u00eb bashk\u00ebpunimit ton\u00eb, p\u00ebr arsye se ngjarja kulturore duhet t\u00eb jet\u00eb ngjarje gjith\u00ebp\u00ebrfshir\u00ebse, ku marrin pjes\u00eb t\u00eb gjith\u00eb qytetar\u00ebt.\u201d<\/em><\/p>\n<p>Sipas z. Berisha fokusi i k\u00ebtij organizimi do t\u00eb jet\u00eb n\u00eb edukim dhe kultur\u00eb \u00a0dhe gjat\u00eb mbajtjes s\u00eb \u2018Manifesta\u2019, e cila do t\u00eb zgjas\u00eb 90 dit\u00eb, \u00a0do t\u00eb krijohet nj\u00eb institut interdisiplinor\u00a0kulturor me fokus n\u00eb edukim, rini dhe kultur\u00eb dhe pastaj ky institut do t\u00eb jet\u00eb si produkt i \u2018Manifest\u00ebs\u2019.<\/p>\n","protected":false},"excerpt":{"rendered":"<p>N\u00eb nj\u00eb gar\u00eb t\u00eb ngush\u00eb me kryeqytetin e Austris\u00eb, Vjen\u00ebn dhe kryeqytetin e Ukrain\u00ebs, Kiev, Prishtina \u00ebsht\u00eb p\u00ebrzgjedhur q\u00eb t\u00eb jet\u00eb nikoqire edicionit t\u00eb 14-t\u00eb t\u00eb \u2018Manifesta\u2019\u2019, q\u00eb \u00ebsht\u00eb nj\u00eb nga ngjarjet m\u00eb t\u00eb m\u00ebdha artistike n\u00eb Evrop\u00eb. P\u00ebr t\u00eb kuptuar m\u00eb shum\u00eb p\u00ebr k\u00ebt\u00eb ngjarje q\u00eb do t\u00eb mbahet n\u00eb vitin 2022, Radio KFOR-i&hellip;<\/p>\n","protected":false},"author":3,"featured_media":57536,"comment_status":"closed","ping_status":"closed","sticky":false,"template":"","format":"standard","meta":{"_monsterinsights_skip_tracking":false,"_monsterinsights_sitenote_active":false,"_monsterinsights_sitenote_note":"","_monsterinsights_sitenote_category":0,"footnotes":""},"categories":[2],"tags":[],"class_list":["post-57535","post","type-post","status-publish","format-standard","has-post-thumbnail","hentry","category-news","category-2","description-off"],"_links":{"self":[{"href":"https:\/\/radiokfor.com\/1\/wp-json\/wp\/v2\/posts\/57535","targetHints":{"allow":["GET"]}}],"collection":[{"href":"https:\/\/radiokfor.com\/1\/wp-json\/wp\/v2\/posts"}],"about":[{"href":"https:\/\/radiokfor.com\/1\/wp-json\/wp\/v2\/types\/post"}],"author":[{"embeddable":true,"href":"https:\/\/radiokfor.com\/1\/wp-json\/wp\/v2\/users\/3"}],"replies":[{"embeddable":true,"href":"https:\/\/radiokfor.com\/1\/wp-json\/wp\/v2\/comments?post=57535"}],"version-history":[{"count":1,"href":"https:\/\/radiokfor.com\/1\/wp-json\/wp\/v2\/posts\/57535\/revisions"}],"predecessor-version":[{"id":57537,"href":"https:\/\/radiokfor.com\/1\/wp-json\/wp\/v2\/posts\/57535\/revisions\/57537"}],"wp:featuredmedia":[{"embeddable":true,"href":"https:\/\/radiokfor.com\/1\/wp-json\/wp\/v2\/media\/57536"}],"wp:attachment":[{"href":"https:\/\/radiokfor.com\/1\/wp-json\/wp\/v2\/media?parent=57535"}],"wp:term":[{"taxonomy":"category","embeddable":true,"href":"https:\/\/radiokfor.com\/1\/wp-json\/wp\/v2\/categories?post=57535"},{"taxonomy":"post_tag","embeddable":true,"href":"https:\/\/radiokfor.com\/1\/wp-json\/wp\/v2\/tags?post=57535"}],"curies":[{"name":"wp","href":"https:\/\/api.w.org\/{rel}","templated":true}]}}