{"id":57497,"date":"2021-03-22T16:10:49","date_gmt":"2021-03-22T16:10:49","guid":{"rendered":"http:\/\/radiokfor.com\/1\/?p=57497"},"modified":"2021-03-22T16:10:49","modified_gmt":"2021-03-22T16:10:49","slug":"kfor-i-me-donacionin-e-radhes-gezoi-sot-nxenesit-e-shkolles-shumetnike-ne-fshatin-ponesh","status":"publish","type":"post","link":"https:\/\/radiokfor.com\/1\/kfor-i-me-donacionin-e-radhes-gezoi-sot-nxenesit-e-shkolles-shumetnike-ne-fshatin-ponesh\/","title":{"rendered":"KFOR-i me donacionin e radh\u00ebs, g\u00ebzoi sot nx\u00ebn\u00ebsit e shkoll\u00ebs shumetnike n\u00eb fshatin, Ponesh"},"content":{"rendered":"<p>Kompjuter\u00eb, projektor\u00eb, laptop\u00eb dhe gjenerator\u00eb, ishte ky donacioni i radh\u00ebs nga KFOR-i, p\u00ebrkat\u00ebsisht nga nj\u00ebsia e CIMIC-ut (Bashk\u00ebpunimi Civilo-Ushtarak i KFOR-it), p\u00ebr shkoll\u00ebn fillore shumetnike \u201cVesel Muja\u201d dhe &#8220;Sveti Sava&#8221;, sot (22.03.21), n\u00eb fshatin Ponesh.<\/p>\n<p>Milovan Stajic, drejtor i shkoll\u00ebs fillore \u2018Sveti Sava\u2019, p\u00ebr Radio KFOR-in tha se ky donacion q\u00eb e kan\u00eb pranuar, nuk \u00ebsht\u00eb donacioni i par\u00eb nga KFOR-i, por \u00ebsht\u00eb nj\u00eb nga m\u00eb t\u00eb m\u00ebdhenjt\u00eb: <em>&#8220;Ne kemi nj\u00eb bashk\u00ebpunim t\u00eb shk\u00eblqyesh\u00ebm, afatgjat\u00eb me KFOR-in. N\u00eb k\u00ebto momente, kur or\u00ebt m\u00ebsimore kryesisht po mbahen n\u00eb internet, vlera e donacionit \u00ebsht\u00eb b\u00ebr\u00eb edhe m\u00eb e r\u00ebnd\u00ebsishme. Pajisjet q\u00eb mor\u00ebm do t\u00eb p\u00ebrdoren nga student\u00eb serb\u00eb dhe shqiptar\u00eb q\u00eb ndjekin shkoll\u00ebn n\u00eb dy nd\u00ebrrime.&#8221;<\/em><\/p>\n<p>I pranish\u00ebm n\u00eb dhurimin e k\u00ebtij donacioni ishte edhe drejtori i shkoll\u00ebs \u201cVesel Muja\u201d, Ajvaz Beqiri, i cili tha se ky projekt filloi nj\u00eb vit m\u00eb par\u00eb, midis dy shkollave dhe u realizua n\u00eb bashk\u00ebpunim me pjes\u00ebtar\u00ebt e KFOR-it turk dhe gjithashtu shtoi: <em>\u201cKjo k\u00ebrkes\u00eb p\u00ebr finalizimin e kabinetit t\u00eb teknologjis\u00eb ka filluar n\u00eb m\u00ebnyr\u00eb q\u00eb t\u00eb p\u00ebrdoret n\u00eb m\u00ebnyr\u00eb t\u00eb barabart\u00eb, nga t\u00eb dy etnit\u00eb. \u00cbsht\u00eb e krijuar p\u00ebr student\u00ebt e p\u00ebrkat\u00ebsis\u00eb etnike serbe dhe shqiptare. Ne jemi mir\u00ebnjoh\u00ebs p\u00ebr k\u00ebt\u00eb kontribut dhe e konsiderojm\u00eb jasht\u00ebzakonisht t\u00eb r\u00ebnd\u00ebsish\u00ebm p\u00ebr shkoll\u00ebn ton\u00eb.\u201d<br \/>\n<\/em><br \/>\nOficeri i CIMIC-ut, Majori Pennie Lorente, shpjegoi dometh\u00ebnien e k\u00ebtij donacioni: <em>&#8220;\u00cbsht\u00eb nj\u00eb projekt shum\u00eb i r\u00ebnd\u00ebsish\u00ebm p\u00ebr k\u00ebt\u00eb shkoll\u00eb multi-etnike, ku nx\u00ebn\u00ebsit serb vijojn\u00eb m\u00ebsimin n\u00eb m\u00ebngjes, nd\u00ebrsa pasdite nx\u00ebn\u00ebsit shqiptar\u00eb. T\u00eb dy drejtor\u00ebt jan\u00eb t\u00eb pranish\u00ebm k\u00ebtu, p\u00ebr t\u00eb na fal\u00ebnderuar p\u00ebr donacionin i cili p\u00ebrb\u00ebhet nga shum\u00eb kompjuter\u00eb, projektor\u00eb dhe Smartboard, ku f\u00ebmij\u00ebt mund t\u00eb fillojn\u00eb t\u00eb shoq\u00ebrohen me nj\u00ebri-tjetrin, p\u00ebrmes k\u00ebtyre mjeteve teknike, q\u00eb tani jan\u00eb n\u00eb dispozicion t\u00eb tyre.&#8221;<\/em><\/p>\n<p>Ky donacion i vlefsh\u00ebm nga KFOR-i, do t\u00eb leht\u00ebsoj\u00eb arsimimin e 25 nx\u00ebn\u00ebsve nga komuniteti serb dhe 33 nx\u00ebn\u00ebsve nga komuniteti shqiptar, ve\u00e7an\u00ebrisht tani kur shumica e or\u00ebve t\u00eb m\u00ebsimit po zhvillohen online, n\u00eb internet.<\/p>\n","protected":false},"excerpt":{"rendered":"<p>Kompjuter\u00eb, projektor\u00eb, laptop\u00eb dhe gjenerator\u00eb, ishte ky donacioni i radh\u00ebs nga KFOR-i, p\u00ebrkat\u00ebsisht nga nj\u00ebsia e CIMIC-ut (Bashk\u00ebpunimi Civilo-Ushtarak i KFOR-it), p\u00ebr shkoll\u00ebn fillore shumetnike \u201cVesel Muja\u201d dhe &#8220;Sveti Sava&#8221;, sot (22.03.21), n\u00eb fshatin Ponesh. Milovan Stajic, drejtor i shkoll\u00ebs fillore \u2018Sveti Sava\u2019, p\u00ebr Radio KFOR-in tha se ky donacion q\u00eb e kan\u00eb pranuar, nuk&hellip;<\/p>\n","protected":false},"author":3,"featured_media":57498,"comment_status":"closed","ping_status":"closed","sticky":false,"template":"","format":"standard","meta":{"_monsterinsights_skip_tracking":false,"_monsterinsights_sitenote_active":false,"_monsterinsights_sitenote_note":"","_monsterinsights_sitenote_category":0,"footnotes":""},"categories":[2],"tags":[],"class_list":["post-57497","post","type-post","status-publish","format-standard","has-post-thumbnail","hentry","category-news","category-2","description-off"],"_links":{"self":[{"href":"https:\/\/radiokfor.com\/1\/wp-json\/wp\/v2\/posts\/57497","targetHints":{"allow":["GET"]}}],"collection":[{"href":"https:\/\/radiokfor.com\/1\/wp-json\/wp\/v2\/posts"}],"about":[{"href":"https:\/\/radiokfor.com\/1\/wp-json\/wp\/v2\/types\/post"}],"author":[{"embeddable":true,"href":"https:\/\/radiokfor.com\/1\/wp-json\/wp\/v2\/users\/3"}],"replies":[{"embeddable":true,"href":"https:\/\/radiokfor.com\/1\/wp-json\/wp\/v2\/comments?post=57497"}],"version-history":[{"count":1,"href":"https:\/\/radiokfor.com\/1\/wp-json\/wp\/v2\/posts\/57497\/revisions"}],"predecessor-version":[{"id":57499,"href":"https:\/\/radiokfor.com\/1\/wp-json\/wp\/v2\/posts\/57497\/revisions\/57499"}],"wp:featuredmedia":[{"embeddable":true,"href":"https:\/\/radiokfor.com\/1\/wp-json\/wp\/v2\/media\/57498"}],"wp:attachment":[{"href":"https:\/\/radiokfor.com\/1\/wp-json\/wp\/v2\/media?parent=57497"}],"wp:term":[{"taxonomy":"category","embeddable":true,"href":"https:\/\/radiokfor.com\/1\/wp-json\/wp\/v2\/categories?post=57497"},{"taxonomy":"post_tag","embeddable":true,"href":"https:\/\/radiokfor.com\/1\/wp-json\/wp\/v2\/tags?post=57497"}],"curies":[{"name":"wp","href":"https:\/\/api.w.org\/{rel}","templated":true}]}}