{"id":57491,"date":"2021-03-22T14:42:55","date_gmt":"2021-03-22T14:42:55","guid":{"rendered":"http:\/\/radiokfor.com\/1\/?p=57491"},"modified":"2021-03-22T14:42:55","modified_gmt":"2021-03-22T14:42:55","slug":"shmu-kongresi-i-manastirit-shembull-i-integrimit-ne-shoqeri-te-femijeve-me-nevoja-te-vecanta","status":"publish","type":"post","link":"https:\/\/radiokfor.com\/1\/shmu-kongresi-i-manastirit-shembull-i-integrimit-ne-shoqeri-te-femijeve-me-nevoja-te-vecanta\/","title":{"rendered":"SHMU &#8220;Kongresi i Manastirit&#8221; shembull i integrimit n\u00eb shoq\u00ebri t\u00eb f\u00ebmij\u00ebve me nevoja t\u00eb ve\u00e7anta"},"content":{"rendered":"<p>P\u00ebr shkak t\u00eb 21 Marsit &#8211; \u201cDit\u00ebs Bot\u00ebrore t\u00eb Sindromit Down\u201c, aktivist\u00eb t\u00eb t\u00eb drejtave t\u00eb f\u00ebmij\u00ebve me nevoja t\u00eb ve\u00e7anta, m\u00ebsues, prind\u00ebr e donator\u00eb p\u00ebrmes nj\u00eb aktiviteti t\u00eb ve\u00e7ant\u00eb kan\u00eb sh\u00ebnuar k\u00ebt\u00eb dit\u00eb, duke b\u00ebr\u00eb tok t\u00eb gjith\u00eb f\u00ebmij\u00ebt me nevoja t\u00eb ve\u00e7anta, nga klasat e Shkoll\u00ebs s\u00eb Mesme t\u00eb Ul\u00ebt n\u00eb Podujev\u00eb \u201cKongresi i Manastirit\u201d. Aktivisti dhe Kryetari i K\u00ebshillit t\u00eb Prind\u00ebrve t\u00eb F\u00ebmij\u00ebve me Nevoja t\u00eb Ve\u00e7anta, Z. Shefqet Miftari, ka treguar se q\u00ebllimi i k\u00ebtij aktiviteti \u00ebsht\u00eb buz\u00ebqeshja n\u00eb fytyrat e k\u00ebtyre f\u00ebmij\u00ebve dhe nd\u00ebr t\u00eb tjera shtoi: <em>\u201c\u00cbsht\u00eb nj\u00eb aktivitet ku i kemi ftuar t\u00eb gjith\u00eb f\u00ebmij\u00ebt q\u00eb t\u2019i b\u00ebjm\u00eb ata t\u00eb buz\u00ebqeshur. S\u00eb bashku me ndihm\u00ebn e m\u00ebsueseve dhe donator\u00ebve t\u00eb shumt\u00eb, ne vazhdimisht organizojm\u00eb aktivitete t\u00eb ndryshme. Duhet patjet\u00ebr me i p\u00ebrmend m\u00ebsueset, p\u00ebr t\u00eb cilat ne prind\u00ebrit kemi shum\u00eb fat q\u00eb i kemi, \u00ebsht\u00eb Remzie Hoxha-G\u00ebrguri, Dafina Syla dhe Miradie Islami-Gashi, t\u00eb cilat jan\u00eb shum\u00eb t\u00eb kujdesshme, shum\u00eb t\u00eb p\u00ebrkushtuara aq shum\u00eb sa f\u00ebmij\u00ebt tan\u00eb mezi presin t\u00eb shkojn\u00eb n\u00eb shkoll\u00eb, me qen\u00eb me m\u00ebsueset.\u201d<\/em><\/p>\n<p>M\u00ebsimdh\u00ebn\u00ebsja e f\u00ebmij\u00ebve me nevoja t\u00eb ve\u00e7anta, Remzie Hoxha-G\u00ebrguri, e cila n\u00eb vitin 2019 \u00ebsht\u00eb shp\u00ebrblyer p\u00ebr mundin dhe p\u00ebrkushtimin me \u00e7mimin \u201cM\u00ebsuesja e Vitit\u201d, n\u00eb komun\u00ebn e Podujev\u00ebs, p\u00ebr Radio KFOR-in tregoi se sa e lumtur ndihet me pun\u00eb q\u00eb b\u00ebn\u00eb ajo \u00e7do dit\u00eb: \u201c<em>N\u00eb klas\u00eb ku un\u00eb jam m\u00ebsimdh\u00ebn\u00ebse, kam 7 nx\u00ebn\u00ebs dhe me secilin punojm\u00eb me plane individuale. Profesioni im megjith\u00ebse mund t\u00eb duket i v\u00ebshtir\u00eb n\u00eb raste t\u00eb caktuara, krahas p\u00ebrvoj\u00ebs dhe p\u00ebrgatitjes q\u00eb kam, puna ec\u00eb vet\u00eb, rezultatet arrihen, dita shkon shpejt. Mua m\u00eb krijon k\u00ebnaq\u00ebsi t\u00eb madhe kur e shoh q\u00eb k\u00ebta f\u00ebmij\u00eb po arrijn\u00eb rezultate. Kjo m\u00eb p\u00ebrmbush\u00eb, e sa do i vog\u00ebl mund t\u00eb jet\u00eb ai rezultat, p\u00ebr k\u00ebta f\u00ebmij\u00eb do t\u00eb thot\u00eb nj\u00eb hap i madh. \u00c7el\u00ebsi i suksesit \u00ebsht\u00eb bashk\u00ebpunimi me prind\u00ebrit, \u00ebsht\u00eb e pamundur t\u00eb arrihen rezultate pa bashk\u00ebpunimin me prind\u00ebrit, t\u00eb cil\u00ebt bashk\u00eb me m\u00ebsimdh\u00ebn\u00ebsin, jan\u00eb ur\u00eb lidh\u00ebse drejt suksesit.<\/em> <em>Mesazhi nga kjo ngjarje \u00ebsht\u00eb q\u00eb t\u00eb gjith\u00eb duhet t\u2019i mb\u00ebshtesim f\u00ebmij\u00ebt me nevoja t\u00eb ve\u00e7anta, k\u00ebta jan\u00eb pjes\u00eb e barabart\u00eb e shoq\u00ebris\u00eb dhe t\u00eb gjith\u00eb jemi nj\u00ebsoj\u00eb.\u201d<\/em><\/p>\n<p>Znj. Remzie Hoxha-G\u00ebrguri, apeloi tek t\u00eb gjith\u00eb q\u00eb t\u00eb krijohen mund\u00ebsi q\u00eb t\u00eb gjith\u00eb f\u00ebmij\u00ebve t\u00eb shoq\u00ebris\u00eb ton\u00eb, t\u2019u krijohen mund\u00ebsi q\u00eb t\u00eb gjith\u00eb t\u00eb jen\u00eb t\u00eb barabart\u00eb dhe t\u00eb vijojn\u00eb shkollimin.<\/p>\n","protected":false},"excerpt":{"rendered":"<p>P\u00ebr shkak t\u00eb 21 Marsit &#8211; \u201cDit\u00ebs Bot\u00ebrore t\u00eb Sindromit Down\u201c, aktivist\u00eb t\u00eb t\u00eb drejtave t\u00eb f\u00ebmij\u00ebve me nevoja t\u00eb ve\u00e7anta, m\u00ebsues, prind\u00ebr e donator\u00eb p\u00ebrmes nj\u00eb aktiviteti t\u00eb ve\u00e7ant\u00eb kan\u00eb sh\u00ebnuar k\u00ebt\u00eb dit\u00eb, duke b\u00ebr\u00eb tok t\u00eb gjith\u00eb f\u00ebmij\u00ebt me nevoja t\u00eb ve\u00e7anta, nga klasat e Shkoll\u00ebs s\u00eb Mesme t\u00eb Ul\u00ebt n\u00eb Podujev\u00eb \u201cKongresi&hellip;<\/p>\n","protected":false},"author":3,"featured_media":57492,"comment_status":"closed","ping_status":"closed","sticky":false,"template":"","format":"standard","meta":{"_monsterinsights_skip_tracking":false,"_monsterinsights_sitenote_active":false,"_monsterinsights_sitenote_note":"","_monsterinsights_sitenote_category":0,"footnotes":""},"categories":[2],"tags":[],"class_list":["post-57491","post","type-post","status-publish","format-standard","has-post-thumbnail","hentry","category-news","category-2","description-off"],"_links":{"self":[{"href":"https:\/\/radiokfor.com\/1\/wp-json\/wp\/v2\/posts\/57491","targetHints":{"allow":["GET"]}}],"collection":[{"href":"https:\/\/radiokfor.com\/1\/wp-json\/wp\/v2\/posts"}],"about":[{"href":"https:\/\/radiokfor.com\/1\/wp-json\/wp\/v2\/types\/post"}],"author":[{"embeddable":true,"href":"https:\/\/radiokfor.com\/1\/wp-json\/wp\/v2\/users\/3"}],"replies":[{"embeddable":true,"href":"https:\/\/radiokfor.com\/1\/wp-json\/wp\/v2\/comments?post=57491"}],"version-history":[{"count":1,"href":"https:\/\/radiokfor.com\/1\/wp-json\/wp\/v2\/posts\/57491\/revisions"}],"predecessor-version":[{"id":57493,"href":"https:\/\/radiokfor.com\/1\/wp-json\/wp\/v2\/posts\/57491\/revisions\/57493"}],"wp:featuredmedia":[{"embeddable":true,"href":"https:\/\/radiokfor.com\/1\/wp-json\/wp\/v2\/media\/57492"}],"wp:attachment":[{"href":"https:\/\/radiokfor.com\/1\/wp-json\/wp\/v2\/media?parent=57491"}],"wp:term":[{"taxonomy":"category","embeddable":true,"href":"https:\/\/radiokfor.com\/1\/wp-json\/wp\/v2\/categories?post=57491"},{"taxonomy":"post_tag","embeddable":true,"href":"https:\/\/radiokfor.com\/1\/wp-json\/wp\/v2\/tags?post=57491"}],"curies":[{"name":"wp","href":"https:\/\/api.w.org\/{rel}","templated":true}]}}