{"id":57338,"date":"2021-03-22T06:03:02","date_gmt":"2021-03-22T06:03:02","guid":{"rendered":"http:\/\/radiokfor.com\/1\/?p=57338"},"modified":"2021-03-12T09:04:24","modified_gmt":"2021-03-12T09:04:24","slug":"shenohet-edhe-ne-kosove-dita-boterore-e-ujit","status":"publish","type":"post","link":"https:\/\/radiokfor.com\/1\/shenohet-edhe-ne-kosove-dita-boterore-e-ujit\/","title":{"rendered":"Sh\u00ebnohet edhe n\u00eb Kosov\u00eb \u2018Dita Bot\u00ebrore e ujit\u2019"},"content":{"rendered":"<p>P\u00ebr t\u00eb kujtuar r\u00ebnd\u00ebsin\u00eb q\u00eb ka burimi kryesor i jet\u00ebs, uji, sot (22 mars), kudo n\u00eb bot\u00eb, sh\u00ebnohet \u2018Dita Bot\u00ebrore e Ujit\u201d, e vendosur n\u00eb vitin 1993, nga Asambleja e P\u00ebrgjithshme e OKB-s\u00eb, p\u00ebr t\u00eb t\u00ebrhequr v\u00ebmendjen mbi problemet q\u00eb lidhen me ujin dhe pasurit\u00eb ujore.<\/p>\n<p>N\u00eb lidhje me r\u00ebnd\u00ebsin\u00eb q\u00eb ka sh\u00ebnimi i k\u00ebsaj dite, Radio KFOR-in mori nj\u00eb prononcim nga z\u00ebdh\u00ebn\u00ebsja e Kompanis\u00eb Rajonale t\u00eb Uj\u00ebsjell\u00ebsit &#8220;Prishtina&#8221;, znj. Arjeta Mjeku:<em> \u201cE r\u00ebnd\u00ebsishme \u00ebsht\u00eb q\u00eb ta kuptojm\u00eb dometh\u00ebnien e p\u00ebrdorimit jo t\u00eb drejtp\u00ebrdrejt t\u00eb ujit, si p\u00ebr prodhim, furnizim dhe zhvillim. Uji sot nuk duhet t\u00eb shfryt\u00ebzohet n\u00eb m\u00ebnyr\u00eb t\u00eb pakontrolluar, sepse i zvog\u00eblojm\u00eb rezervat. Andaj uji duhet kursyer pik\u00eb p\u00ebr pik\u00eb dhe at\u00eb mund ta z\u00ebvend\u00ebsojm\u00eb vet\u00ebm me uj\u00eb.\u201d<\/p>\n<p><\/em>K\u00ebt\u00eb vit \u2018Dita Bot\u00ebrore e Ujit\u2019, do t\u00eb p\u00ebrqendrohet n\u00eb tem\u00ebn &#8216;Vler\u00ebsimi i ujit&#8217;, ku fokusi do t\u00eb shtrihet p\u00ebrtej \u00e7\u00ebshtjeve t\u00eb \u00e7mimit, p\u00ebr t\u00eb p\u00ebrfshir\u00eb vler\u00ebn mjedisore, sociale dhe kulturore q\u00eb njer\u00ebzit i kushtojn\u00eb ujit.<\/p>\n","protected":false},"excerpt":{"rendered":"<p>P\u00ebr t\u00eb kujtuar r\u00ebnd\u00ebsin\u00eb q\u00eb ka burimi kryesor i jet\u00ebs, uji, sot (22 mars), kudo n\u00eb bot\u00eb, sh\u00ebnohet \u2018Dita Bot\u00ebrore e Ujit\u201d, e vendosur n\u00eb vitin 1993, nga Asambleja e P\u00ebrgjithshme e OKB-s\u00eb, p\u00ebr t\u00eb t\u00ebrhequr v\u00ebmendjen mbi problemet q\u00eb lidhen me ujin dhe pasurit\u00eb ujore. N\u00eb lidhje me r\u00ebnd\u00ebsin\u00eb q\u00eb ka sh\u00ebnimi i k\u00ebsaj&hellip;<\/p>\n","protected":false},"author":3,"featured_media":57339,"comment_status":"closed","ping_status":"closed","sticky":false,"template":"","format":"standard","meta":{"_monsterinsights_skip_tracking":false,"_monsterinsights_sitenote_active":false,"_monsterinsights_sitenote_note":"","_monsterinsights_sitenote_category":0,"footnotes":""},"categories":[2],"tags":[],"class_list":["post-57338","post","type-post","status-publish","format-standard","has-post-thumbnail","hentry","category-news","category-2","description-off"],"_links":{"self":[{"href":"https:\/\/radiokfor.com\/1\/wp-json\/wp\/v2\/posts\/57338","targetHints":{"allow":["GET"]}}],"collection":[{"href":"https:\/\/radiokfor.com\/1\/wp-json\/wp\/v2\/posts"}],"about":[{"href":"https:\/\/radiokfor.com\/1\/wp-json\/wp\/v2\/types\/post"}],"author":[{"embeddable":true,"href":"https:\/\/radiokfor.com\/1\/wp-json\/wp\/v2\/users\/3"}],"replies":[{"embeddable":true,"href":"https:\/\/radiokfor.com\/1\/wp-json\/wp\/v2\/comments?post=57338"}],"version-history":[{"count":1,"href":"https:\/\/radiokfor.com\/1\/wp-json\/wp\/v2\/posts\/57338\/revisions"}],"predecessor-version":[{"id":57340,"href":"https:\/\/radiokfor.com\/1\/wp-json\/wp\/v2\/posts\/57338\/revisions\/57340"}],"wp:featuredmedia":[{"embeddable":true,"href":"https:\/\/radiokfor.com\/1\/wp-json\/wp\/v2\/media\/57339"}],"wp:attachment":[{"href":"https:\/\/radiokfor.com\/1\/wp-json\/wp\/v2\/media?parent=57338"}],"wp:term":[{"taxonomy":"category","embeddable":true,"href":"https:\/\/radiokfor.com\/1\/wp-json\/wp\/v2\/categories?post=57338"},{"taxonomy":"post_tag","embeddable":true,"href":"https:\/\/radiokfor.com\/1\/wp-json\/wp\/v2\/tags?post=57338"}],"curies":[{"name":"wp","href":"https:\/\/api.w.org\/{rel}","templated":true}]}}