{"id":56985,"date":"2021-02-19T10:20:46","date_gmt":"2021-02-19T10:20:46","guid":{"rendered":"http:\/\/radiokfor.com\/1\/?p=56985"},"modified":"2021-02-19T10:21:34","modified_gmt":"2021-02-19T10:21:34","slug":"fillon-kampanja-ballkani-i-bashkuar-per-ajer-te-paster","status":"publish","type":"post","link":"https:\/\/radiokfor.com\/1\/fillon-kampanja-ballkani-i-bashkuar-per-ajer-te-paster\/","title":{"rendered":"Fillon Kampanja \u2018Ballkani i Bashkuar p\u00ebr Aj\u00ebr t\u00eb Past\u00ebr\u2019"},"content":{"rendered":"<p>Qendra e P\u00ebrbashk\u00ebt p\u00ebr Hulumtim e Komisionit Evropian deklaron se ndotja e ajrit n\u00eb Ballkanin Per\u00ebndimor, shkurton jet\u00ebgjat\u00ebsin\u00eb mesatarisht nd\u00ebrmjet 0.4 dhe 1.3 vjet. Sipas t\u00eb dh\u00ebnave t\u00eb Organizat\u00ebs Bot\u00ebrore t\u00eb Sh\u00ebndet\u00ebsis\u00eb, cil\u00ebsia e dob\u00ebt e ajrit n\u00eb rajon shkakton deri n\u00eb 13,500 vdekje \u00e7do vit. P\u00ebr t\u00eb vepruar n\u00eb k\u00ebt\u00eb drejtim Fondi Evropian, n\u00ebn implementimin e organizatave lokale n\u00eb Ballkanin Per\u00ebndimor kan\u00eb lansuar kampanj\u00ebn \u2018Ballkani i Bashkuar p\u00ebr Aj\u00ebr t\u00eb Past\u00ebr\u2019.\u00a0 Sipas komunikat\u00ebs p\u00ebr media nga organizata jo-qeveritare \u2018Sbunker\u2019 n\u00eb Kosov\u00eb, q\u00eb \u00ebsht\u00eb pjes\u00eb e k\u00ebsaj \u00a0kampanje, thuhet se q\u00ebllimi \u00ebsht\u00eb t\u00eb ngritin vet\u00ebdijen qytetare p\u00ebr t\u00eb p\u00ebrmir\u00ebsuar cil\u00ebsin\u00eb e ajrit: \u00a0\u201c<em>Kampanja \u2018Ballkani i Bashkuar p\u00ebr Aj\u00ebr t\u00eb Past\u00ebr\u2019, u b\u00ebn thirrje qytetar\u00ebve t\u00eb vendeve t\u00eb Ballkanit Per\u00ebndimor t\u00eb bashkohen, n\u00eb m\u00ebnyr\u00eb q\u00eb t\u00eb p\u00ebrmir\u00ebsojm\u00eb s\u00eb bashku cil\u00ebsin\u00eb e ajrit dhe t\u00eb ndihmojn\u00eb n\u00eb zgjatjen e jet\u00ebs s\u00eb t\u00eb gjith\u00ebve<\/em>.\u201d<\/p>\n<p>Organizator\u00ebt e kampanj\u00ebs k\u00ebrkojn\u00eb q\u00eb ulja e ndotjes s\u00eb ajrit t\u00eb p\u00ebrcaktohet si nj\u00eb prioritet komb\u00ebtar, rajonal dhe nd\u00ebrkomb\u00ebtar dhe t\u00eb integrohet n\u00eb t\u00eb gjitha proceset e planifikimit. Po ashtu, b\u00ebhet thirrje p\u00ebr kontrollin e ndotjes s\u00eb ajrit dhe t\u00eb vendosen sisteme p\u00ebr t\u00eb monitoruar ndotjen dhe efektet e saj n\u00eb sh\u00ebndetin publik. Kampanja do t\u00eb vazhdoj deri n\u00eb muajin mars t\u00eb k\u00ebtij viti.<\/p>\n","protected":false},"excerpt":{"rendered":"<p>Qendra e P\u00ebrbashk\u00ebt p\u00ebr Hulumtim e Komisionit Evropian deklaron se ndotja e ajrit n\u00eb Ballkanin Per\u00ebndimor, shkurton jet\u00ebgjat\u00ebsin\u00eb mesatarisht nd\u00ebrmjet 0.4 dhe 1.3 vjet. Sipas t\u00eb dh\u00ebnave t\u00eb Organizat\u00ebs Bot\u00ebrore t\u00eb Sh\u00ebndet\u00ebsis\u00eb, cil\u00ebsia e dob\u00ebt e ajrit n\u00eb rajon shkakton deri n\u00eb 13,500 vdekje \u00e7do vit. P\u00ebr t\u00eb vepruar n\u00eb k\u00ebt\u00eb drejtim Fondi Evropian, n\u00ebn&hellip;<\/p>\n","protected":false},"author":3,"featured_media":56987,"comment_status":"closed","ping_status":"closed","sticky":false,"template":"","format":"standard","meta":{"_monsterinsights_skip_tracking":false,"_monsterinsights_sitenote_active":false,"_monsterinsights_sitenote_note":"","_monsterinsights_sitenote_category":0,"footnotes":""},"categories":[2],"tags":[],"class_list":["post-56985","post","type-post","status-publish","format-standard","has-post-thumbnail","hentry","category-news","category-2","description-off"],"_links":{"self":[{"href":"https:\/\/radiokfor.com\/1\/wp-json\/wp\/v2\/posts\/56985","targetHints":{"allow":["GET"]}}],"collection":[{"href":"https:\/\/radiokfor.com\/1\/wp-json\/wp\/v2\/posts"}],"about":[{"href":"https:\/\/radiokfor.com\/1\/wp-json\/wp\/v2\/types\/post"}],"author":[{"embeddable":true,"href":"https:\/\/radiokfor.com\/1\/wp-json\/wp\/v2\/users\/3"}],"replies":[{"embeddable":true,"href":"https:\/\/radiokfor.com\/1\/wp-json\/wp\/v2\/comments?post=56985"}],"version-history":[{"count":1,"href":"https:\/\/radiokfor.com\/1\/wp-json\/wp\/v2\/posts\/56985\/revisions"}],"predecessor-version":[{"id":56988,"href":"https:\/\/radiokfor.com\/1\/wp-json\/wp\/v2\/posts\/56985\/revisions\/56988"}],"wp:featuredmedia":[{"embeddable":true,"href":"https:\/\/radiokfor.com\/1\/wp-json\/wp\/v2\/media\/56987"}],"wp:attachment":[{"href":"https:\/\/radiokfor.com\/1\/wp-json\/wp\/v2\/media?parent=56985"}],"wp:term":[{"taxonomy":"category","embeddable":true,"href":"https:\/\/radiokfor.com\/1\/wp-json\/wp\/v2\/categories?post=56985"},{"taxonomy":"post_tag","embeddable":true,"href":"https:\/\/radiokfor.com\/1\/wp-json\/wp\/v2\/tags?post=56985"}],"curies":[{"name":"wp","href":"https:\/\/api.w.org\/{rel}","templated":true}]}}