{"id":56521,"date":"2021-01-19T06:05:08","date_gmt":"2021-01-19T06:05:08","guid":{"rendered":"http:\/\/radiokfor.com\/1\/?p=56521"},"modified":"2021-01-18T16:42:34","modified_gmt":"2021-01-18T16:42:34","slug":"shoqeria-bjeshkatare-alpiniste-prishtina-organizon-sot-dhurim-vullnetar-te-gjakut","status":"publish","type":"post","link":"https:\/\/radiokfor.com\/1\/shoqeria-bjeshkatare-alpiniste-prishtina-organizon-sot-dhurim-vullnetar-te-gjakut\/","title":{"rendered":"Shoq\u00ebria Bjeshkatare Alpiniste &#8220;Prishtina&#8221; organizon sot \u2018Dhurim vullnetar t\u00eb gjakut\u2019"},"content":{"rendered":"<p>Sot, me 19 janar, duke filluar nga ora 10:00 deri n\u00eb or\u00ebn 12:00, n\u00eb hap\u00ebsirat e Klinik\u00ebs s\u00eb e Stomatologjis\u00eb (QKSUK) do t\u00eb dhurohet gjak. Ky organizim b\u00ebhet nga Shoq\u00ebria Bjeshkatare Alpiniste &#8220;Prishtina&#8221;, ku kryetari i saj, Gani Syla, n\u00eb nj\u00eb intervist\u00eb p\u00ebr Radio KFOR-in tregoi m\u00eb shum\u00eb p\u00ebr organizmin e \u2018Dhurimit vullnetar t\u00eb gjakut\u2019: <em>\u201cSot kemi organizuar dhurimin e gjakut n\u00eb nd\u00ebrtes\u00ebn e stomatologjis\u00eb. Ne si Shoq\u00ebri Bjeshkatare Alpiniste &#8220;Prishtina&#8221;, organizojm\u00eb dhurim t\u00eb gjakut \u00e7do 6 muaj, pra dy her\u00eb n\u00eb vit jemi dhurues vullnetar t\u00eb gjakut. Dhurojm\u00eb gjak, shp\u00ebtojm\u00eb jet\u00eb, andaj ky organizim i sot\u00ebm \u00ebsht\u00eb i hapur t\u00eb p\u00ebr gjith\u00eb vullnetar\u00ebt, t\u00eb cil\u00ebt me k\u00ebt\u00eb rast i b\u00ebjn\u00eb mir\u00eb sh\u00ebndetit t\u00eb tyre dhe sh\u00ebndetit t\u00eb t\u00eb tjer\u00ebve.\u201d<\/em><\/p>\n<p>Z. Syla njoftoi gjithashtu se k\u00ebsaj radhe dhurimi i gjakut b\u00ebhet n\u00eb hap\u00ebsir\u00ebn e Klinik\u00ebs s\u00eb e Stomatologjis\u00eb (QKSUK) me q\u00ebllim q\u00eb sa m\u00eb shum\u00eb qytetar\u00eb t\u2019i bashkohen k\u00ebsaj iniciative bamir\u00ebse.<\/p>\n","protected":false},"excerpt":{"rendered":"<p>Sot, me 19 janar, duke filluar nga ora 10:00 deri n\u00eb or\u00ebn 12:00, n\u00eb hap\u00ebsirat e Klinik\u00ebs s\u00eb e Stomatologjis\u00eb (QKSUK) do t\u00eb dhurohet gjak. Ky organizim b\u00ebhet nga Shoq\u00ebria Bjeshkatare Alpiniste &#8220;Prishtina&#8221;, ku kryetari i saj, Gani Syla, n\u00eb nj\u00eb intervist\u00eb p\u00ebr Radio KFOR-in tregoi m\u00eb shum\u00eb p\u00ebr organizmin e \u2018Dhurimit vullnetar t\u00eb gjakut\u2019:&hellip;<\/p>\n","protected":false},"author":3,"featured_media":56522,"comment_status":"closed","ping_status":"closed","sticky":false,"template":"","format":"standard","meta":{"_monsterinsights_skip_tracking":false,"_monsterinsights_sitenote_active":false,"_monsterinsights_sitenote_note":"","_monsterinsights_sitenote_category":0,"footnotes":""},"categories":[2],"tags":[],"class_list":["post-56521","post","type-post","status-publish","format-standard","has-post-thumbnail","hentry","category-news","category-2","description-off"],"_links":{"self":[{"href":"https:\/\/radiokfor.com\/1\/wp-json\/wp\/v2\/posts\/56521","targetHints":{"allow":["GET"]}}],"collection":[{"href":"https:\/\/radiokfor.com\/1\/wp-json\/wp\/v2\/posts"}],"about":[{"href":"https:\/\/radiokfor.com\/1\/wp-json\/wp\/v2\/types\/post"}],"author":[{"embeddable":true,"href":"https:\/\/radiokfor.com\/1\/wp-json\/wp\/v2\/users\/3"}],"replies":[{"embeddable":true,"href":"https:\/\/radiokfor.com\/1\/wp-json\/wp\/v2\/comments?post=56521"}],"version-history":[{"count":1,"href":"https:\/\/radiokfor.com\/1\/wp-json\/wp\/v2\/posts\/56521\/revisions"}],"predecessor-version":[{"id":56523,"href":"https:\/\/radiokfor.com\/1\/wp-json\/wp\/v2\/posts\/56521\/revisions\/56523"}],"wp:featuredmedia":[{"embeddable":true,"href":"https:\/\/radiokfor.com\/1\/wp-json\/wp\/v2\/media\/56522"}],"wp:attachment":[{"href":"https:\/\/radiokfor.com\/1\/wp-json\/wp\/v2\/media?parent=56521"}],"wp:term":[{"taxonomy":"category","embeddable":true,"href":"https:\/\/radiokfor.com\/1\/wp-json\/wp\/v2\/categories?post=56521"},{"taxonomy":"post_tag","embeddable":true,"href":"https:\/\/radiokfor.com\/1\/wp-json\/wp\/v2\/tags?post=56521"}],"curies":[{"name":"wp","href":"https:\/\/api.w.org\/{rel}","templated":true}]}}