{"id":56518,"date":"2021-01-19T06:06:56","date_gmt":"2021-01-19T06:06:56","guid":{"rendered":"http:\/\/radiokfor.com\/1\/?p=56518"},"modified":"2021-01-18T12:35:19","modified_gmt":"2021-01-18T12:35:19","slug":"teatri-i-gjilanit-mirepret-premieren-e-shfaqjes-kosovo-for-dummies","status":"publish","type":"post","link":"https:\/\/radiokfor.com\/1\/teatri-i-gjilanit-mirepret-premieren-e-shfaqjes-kosovo-for-dummies\/","title":{"rendered":"Teatri i Gjilanit mir\u00ebpret premier\u00ebn e shfaqjes \u201cKosovo for Dummies\u201d"},"content":{"rendered":"<p>Komedia \u201cKosovo for Dummies\u201d vjen premier\u00eb n\u00eb Teatrin e Gjilanit, teksa nj\u00ebherit do t\u00eb hap edhe Festivalin e Dram\u00ebs Origjinale Shqipe.\u00a0E shkruar nga Jeton Neziraj dhe n\u00ebn regjin\u00eb e Blerta Rrrustemi Neziraj, komedia q\u00eb do t\u00eb shfaqet m\u00eb 23 janar, rr\u00ebfen historin\u00eb e personazhit me emrin Antigona, e cila \u00ebsht\u00eb nga Kosova dhe p\u00ebrpiqet t\u00eb fitoj leje q\u00ebndrimin n\u00eb Zvic\u00ebr.<\/p>\n<p>Nj\u00eb shfaqje, n\u00eb t\u00eb cil\u00ebn do t\u00eb ket\u00eb mjaft kthesa dhe kjo do t\u00eb b\u00ebje edhe m\u00eb dramatike rolet t\u00eb cilat po ashtu do t\u00eb jen\u00eb shum\u00eb\u00a0 atraktive me nj\u00eb num\u00ebr aktor\u00ebsh q\u00eb do te shfaqen n\u00eb t\u00eb. B\u00ebhet e ditur se fundi i k\u00ebsaj shfaqjeje do t\u00eb jet\u00eb mjaft pozitiv, teksa rr\u00ebfimi do t\u00eb jet\u00ebsohet n\u00ebp\u00ebrmjet shfaqjeve artistike t\u00eb aktor\u00ebve Tringa Hasani, Aurita Agushi, Kushtrim Qerimi, Ernest Zymberi, Gani Rrahmani, Avni Shkodra dhe Safete Mustafa.<\/p>\n","protected":false},"excerpt":{"rendered":"<p>Komedia \u201cKosovo for Dummies\u201d vjen premier\u00eb n\u00eb Teatrin e Gjilanit, teksa nj\u00ebherit do t\u00eb hap edhe Festivalin e Dram\u00ebs Origjinale Shqipe.\u00a0E shkruar nga Jeton Neziraj dhe n\u00ebn regjin\u00eb e Blerta Rrrustemi Neziraj, komedia q\u00eb do t\u00eb shfaqet m\u00eb 23 janar, rr\u00ebfen historin\u00eb e personazhit me emrin Antigona, e cila \u00ebsht\u00eb nga Kosova dhe p\u00ebrpiqet t\u00eb&hellip;<\/p>\n","protected":false},"author":3,"featured_media":56519,"comment_status":"closed","ping_status":"closed","sticky":false,"template":"","format":"standard","meta":{"_monsterinsights_skip_tracking":false,"_monsterinsights_sitenote_active":false,"_monsterinsights_sitenote_note":"","_monsterinsights_sitenote_category":0,"footnotes":""},"categories":[2],"tags":[],"class_list":["post-56518","post","type-post","status-publish","format-standard","has-post-thumbnail","hentry","category-news","category-2","description-off"],"_links":{"self":[{"href":"https:\/\/radiokfor.com\/1\/wp-json\/wp\/v2\/posts\/56518","targetHints":{"allow":["GET"]}}],"collection":[{"href":"https:\/\/radiokfor.com\/1\/wp-json\/wp\/v2\/posts"}],"about":[{"href":"https:\/\/radiokfor.com\/1\/wp-json\/wp\/v2\/types\/post"}],"author":[{"embeddable":true,"href":"https:\/\/radiokfor.com\/1\/wp-json\/wp\/v2\/users\/3"}],"replies":[{"embeddable":true,"href":"https:\/\/radiokfor.com\/1\/wp-json\/wp\/v2\/comments?post=56518"}],"version-history":[{"count":1,"href":"https:\/\/radiokfor.com\/1\/wp-json\/wp\/v2\/posts\/56518\/revisions"}],"predecessor-version":[{"id":56520,"href":"https:\/\/radiokfor.com\/1\/wp-json\/wp\/v2\/posts\/56518\/revisions\/56520"}],"wp:featuredmedia":[{"embeddable":true,"href":"https:\/\/radiokfor.com\/1\/wp-json\/wp\/v2\/media\/56519"}],"wp:attachment":[{"href":"https:\/\/radiokfor.com\/1\/wp-json\/wp\/v2\/media?parent=56518"}],"wp:term":[{"taxonomy":"category","embeddable":true,"href":"https:\/\/radiokfor.com\/1\/wp-json\/wp\/v2\/categories?post=56518"},{"taxonomy":"post_tag","embeddable":true,"href":"https:\/\/radiokfor.com\/1\/wp-json\/wp\/v2\/tags?post=56518"}],"curies":[{"name":"wp","href":"https:\/\/api.w.org\/{rel}","templated":true}]}}