{"id":56403,"date":"2021-01-10T06:02:26","date_gmt":"2021-01-10T06:02:26","guid":{"rendered":"http:\/\/radiokfor.com\/1\/?p=56403"},"modified":"2021-01-08T02:53:35","modified_gmt":"2021-01-08T02:53:35","slug":"samsung-dhe-apple-premtojne-konkurrence-qysh-ne-fillet-e-2021-es","status":"publish","type":"post","link":"https:\/\/radiokfor.com\/1\/samsung-dhe-apple-premtojne-konkurrence-qysh-ne-fillet-e-2021-es\/","title":{"rendered":"Samsung dhe Apple premtojn\u00eb konkurrenc\u00eb, qysh n\u00eb fillet e 2021-\u00ebs"},"content":{"rendered":"<p>Jemi vet\u00ebm n\u00eb 10 ditshin e par\u00eb t\u00eb vitit 2021 dhe dy gjigant\u00ebt e telefonave t\u00eb men\u00e7ur, premtojn\u00eb se k\u00ebt\u00eb vit do t\u00eb punojn\u00eb fort\u00eb, p\u00ebr t\u00eb sjell\u00eb n\u00eb duart e klient\u00ebve telefona me shum\u00eb specifika t\u00eb reja.<\/p>\n<p>E nisim me kompanin\u00eb Apple, nga ku dol\u00ebn informacione se dy prototipa t\u00eb ndrysh\u00ebm t\u00eb iPhone, tanim\u00eb \u00a0kan\u00eb kaluar kontrollet e para t\u00eb cil\u00ebsis\u00eb. \u00cbsht\u00eb furnizuesi Foxconn, i cili ka testuar disa dizajne p\u00ebr nj\u00eb iPhone t\u00eb palossh\u00ebm, ku dy nga ta kaluan kontrollin e par\u00eb zyrtar\u00eb. Prej koh\u00ebsh \u00ebsht\u00eb p\u00ebrfolur se Apple po punon n\u00eb nj\u00eb iPhone t\u00eb palossh\u00ebm dhe si\u00e7 b\u00ebhet e ditur, nj\u00ebri \u00ebsht\u00eb nj\u00eb telefon inteligjent q\u00eb mund t\u00eb paloset n\u00eb mes, i ngjash\u00ebm me Samsung Galaxy Z Flip, nd\u00ebrsa tjetri supozohet t\u00eb jet\u00eb me dy ekrane t\u00eb lidhura.<\/p>\n<p>Nga ana tjet\u00ebr, Samsung b\u00ebn\u00eb t\u00eb ditur se m\u00eb 14 janar, do t\u00eb prezantoj\u00eb telefonin m\u00eb t\u00eb ri inteligjent, \u00a0Galaxy S21. Bashk\u00eb me informacionin e lansimit, kan\u00eb dal\u00eb edhe detaje t\u00eb modelit t\u00eb ri, ku nd\u00ebr t\u00eb tjera thuhet se Samsung mund t\u00eb b\u00ebj\u00eb t\u00eb nj\u00ebjt\u00ebn gj\u00eb sikurse Apple, t\u00eb paketoj\u00eb telefonin pa karikues, mir\u00ebpo aty do t\u00eb p\u00ebrfshihet vet\u00ebm nj\u00eb kabllo USB-C.<\/p>\n<p>Kujtojm\u00eb q\u00eb Apple erdhi pa karikues p\u00ebr her\u00eb t\u00eb par\u00eb me modelin iPhone 12.<\/p>\n","protected":false},"excerpt":{"rendered":"<p>Jemi vet\u00ebm n\u00eb 10 ditshin e par\u00eb t\u00eb vitit 2021 dhe dy gjigant\u00ebt e telefonave t\u00eb men\u00e7ur, premtojn\u00eb se k\u00ebt\u00eb vit do t\u00eb punojn\u00eb fort\u00eb, p\u00ebr t\u00eb sjell\u00eb n\u00eb duart e klient\u00ebve telefona me shum\u00eb specifika t\u00eb reja. E nisim me kompanin\u00eb Apple, nga ku dol\u00ebn informacione se dy prototipa t\u00eb ndrysh\u00ebm t\u00eb iPhone, tanim\u00eb&hellip;<\/p>\n","protected":false},"author":3,"featured_media":56404,"comment_status":"closed","ping_status":"closed","sticky":false,"template":"","format":"standard","meta":{"_monsterinsights_skip_tracking":false,"_monsterinsights_sitenote_active":false,"_monsterinsights_sitenote_note":"","_monsterinsights_sitenote_category":0,"footnotes":""},"categories":[2],"tags":[],"class_list":["post-56403","post","type-post","status-publish","format-standard","has-post-thumbnail","hentry","category-news","category-2","description-off"],"_links":{"self":[{"href":"https:\/\/radiokfor.com\/1\/wp-json\/wp\/v2\/posts\/56403","targetHints":{"allow":["GET"]}}],"collection":[{"href":"https:\/\/radiokfor.com\/1\/wp-json\/wp\/v2\/posts"}],"about":[{"href":"https:\/\/radiokfor.com\/1\/wp-json\/wp\/v2\/types\/post"}],"author":[{"embeddable":true,"href":"https:\/\/radiokfor.com\/1\/wp-json\/wp\/v2\/users\/3"}],"replies":[{"embeddable":true,"href":"https:\/\/radiokfor.com\/1\/wp-json\/wp\/v2\/comments?post=56403"}],"version-history":[{"count":1,"href":"https:\/\/radiokfor.com\/1\/wp-json\/wp\/v2\/posts\/56403\/revisions"}],"predecessor-version":[{"id":56405,"href":"https:\/\/radiokfor.com\/1\/wp-json\/wp\/v2\/posts\/56403\/revisions\/56405"}],"wp:featuredmedia":[{"embeddable":true,"href":"https:\/\/radiokfor.com\/1\/wp-json\/wp\/v2\/media\/56404"}],"wp:attachment":[{"href":"https:\/\/radiokfor.com\/1\/wp-json\/wp\/v2\/media?parent=56403"}],"wp:term":[{"taxonomy":"category","embeddable":true,"href":"https:\/\/radiokfor.com\/1\/wp-json\/wp\/v2\/categories?post=56403"},{"taxonomy":"post_tag","embeddable":true,"href":"https:\/\/radiokfor.com\/1\/wp-json\/wp\/v2\/tags?post=56403"}],"curies":[{"name":"wp","href":"https:\/\/api.w.org\/{rel}","templated":true}]}}