{"id":55888,"date":"2020-12-03T10:27:38","date_gmt":"2020-12-03T10:27:38","guid":{"rendered":"http:\/\/radiokfor.com\/1\/?p=55888"},"modified":"2020-12-03T10:27:38","modified_gmt":"2020-12-03T10:27:38","slug":"art-without-limit-ofron-shikim-te-12-te-filmave-falas-online","status":"publish","type":"post","link":"https:\/\/radiokfor.com\/1\/art-without-limit-ofron-shikim-te-12-te-filmave-falas-online\/","title":{"rendered":"\u201cArt Without Limit\u201d ofron shikim t\u00eb 12-t\u00eb filmave falas, online"},"content":{"rendered":"<p>P\u00ebr nder t\u00eb \u201cDit\u00ebs Nd\u00ebrkomb\u00ebtare t\u00eb Personave me Aft\u00ebsi t\u00eb Kufizuar\u201d, Festivali i Filmit \u201cArt Without Limit International Film Festival\u201d, i cili u mbajt online n\u00eb muajin tetor, n\u00eb Prishtin\u00eb, ka vendosur q\u00eb sot (3 dhjetor), t\u2019i shfaq\u00eb filmat fitues t\u00eb k\u00ebtij edicioni.<\/p>\n<p>Lidhur me k\u00ebt\u00eb, drejtori artistik i festivalit, Burim Haliti, p\u00ebr Radio KFOR-in tha: <em>\u201cNe kemi vendosur q\u00eb t\u2019i shfaqim 12 filma nga vende t\u00eb ndryshme t\u00eb bot\u00ebs, filma fitues t\u00eb shum\u00eb \u00e7mimeve kinematografike dhe \u00e7mime t\u00eb festivalit. K\u00ebta filma tem\u00eb kryesore kan\u00eb personat me aft\u00ebsi t\u00eb kufizuar edhe secili film ka mesazh interesant, mesazh pozitiv p\u00ebr k\u00ebta persona. Filmat do t\u00eb jen\u00eb online vet\u00ebm sot (3 dhjetor), sepse kjo \u00ebsht\u00eb edhe marr\u00ebveshja me autor\u00ebt e filmave.\u201d<\/em><\/p>\n<p>K\u00ebta filma, t\u00eb interesuarit, mund t\u2019i gjejn\u00eb n\u00eb platform\u00ebn online t\u00eb Festivalit: www.artwithoutlimit-filmfestival.com https:\/\/www.facebook.com\/Art-Without-Limit-International-Film-Festival-103329747916446<\/p>\n","protected":false},"excerpt":{"rendered":"<p>P\u00ebr nder t\u00eb \u201cDit\u00ebs Nd\u00ebrkomb\u00ebtare t\u00eb Personave me Aft\u00ebsi t\u00eb Kufizuar\u201d, Festivali i Filmit \u201cArt Without Limit International Film Festival\u201d, i cili u mbajt online n\u00eb muajin tetor, n\u00eb Prishtin\u00eb, ka vendosur q\u00eb sot (3 dhjetor), t\u2019i shfaq\u00eb filmat fitues t\u00eb k\u00ebtij edicioni. Lidhur me k\u00ebt\u00eb, drejtori artistik i festivalit, Burim Haliti, p\u00ebr Radio KFOR-in&hellip;<\/p>\n","protected":false},"author":3,"featured_media":55885,"comment_status":"closed","ping_status":"closed","sticky":false,"template":"","format":"standard","meta":{"_monsterinsights_skip_tracking":false,"_monsterinsights_sitenote_active":false,"_monsterinsights_sitenote_note":"","_monsterinsights_sitenote_category":0,"footnotes":""},"categories":[2],"tags":[],"class_list":["post-55888","post","type-post","status-publish","format-standard","has-post-thumbnail","hentry","category-news","category-2","description-off"],"_links":{"self":[{"href":"https:\/\/radiokfor.com\/1\/wp-json\/wp\/v2\/posts\/55888","targetHints":{"allow":["GET"]}}],"collection":[{"href":"https:\/\/radiokfor.com\/1\/wp-json\/wp\/v2\/posts"}],"about":[{"href":"https:\/\/radiokfor.com\/1\/wp-json\/wp\/v2\/types\/post"}],"author":[{"embeddable":true,"href":"https:\/\/radiokfor.com\/1\/wp-json\/wp\/v2\/users\/3"}],"replies":[{"embeddable":true,"href":"https:\/\/radiokfor.com\/1\/wp-json\/wp\/v2\/comments?post=55888"}],"version-history":[{"count":1,"href":"https:\/\/radiokfor.com\/1\/wp-json\/wp\/v2\/posts\/55888\/revisions"}],"predecessor-version":[{"id":55889,"href":"https:\/\/radiokfor.com\/1\/wp-json\/wp\/v2\/posts\/55888\/revisions\/55889"}],"wp:featuredmedia":[{"embeddable":true,"href":"https:\/\/radiokfor.com\/1\/wp-json\/wp\/v2\/media\/55885"}],"wp:attachment":[{"href":"https:\/\/radiokfor.com\/1\/wp-json\/wp\/v2\/media?parent=55888"}],"wp:term":[{"taxonomy":"category","embeddable":true,"href":"https:\/\/radiokfor.com\/1\/wp-json\/wp\/v2\/categories?post=55888"},{"taxonomy":"post_tag","embeddable":true,"href":"https:\/\/radiokfor.com\/1\/wp-json\/wp\/v2\/tags?post=55888"}],"curies":[{"name":"wp","href":"https:\/\/api.w.org\/{rel}","templated":true}]}}