{"id":55884,"date":"2020-12-03T10:24:13","date_gmt":"2020-12-03T10:24:13","guid":{"rendered":"http:\/\/radiokfor.com\/1\/?p=55884"},"modified":"2020-12-03T10:24:13","modified_gmt":"2020-12-03T10:24:13","slug":"shenohet-sot-dita-nderkombetare-e-personave-me-aftesi-te-kufizuar","status":"publish","type":"post","link":"https:\/\/radiokfor.com\/1\/shenohet-sot-dita-nderkombetare-e-personave-me-aftesi-te-kufizuar\/","title":{"rendered":"Sh\u00ebnohet sot \u201cDita Nd\u00ebrkomb\u00ebtare e Personave me Aft\u00ebsi t\u00eb Kufizuar\u201d"},"content":{"rendered":"<p>Asambleja e P\u00ebrgjithshme e Kombeve t\u00eb Bashkuara, n\u00eb vitin 1992, shpalli 3 dhjetorin \u201cDit\u00eb Nd\u00ebrkomb\u00ebtare t\u00eb Personave me Aft\u00ebsi t\u00eb Kufizuara\u201d, me q\u00ebllim t\u00eb promovimit t\u00eb t\u00eb drejtave t\u00eb personave me aft\u00ebsi t\u00eb kufizuar dhe n\u00eb m\u00ebnyr\u00eb q\u00eb edhe ata t\u00eb p\u00ebrfshihen n\u00eb jet\u00ebn politike, sociale, ekonomike dhe kulturore.<\/p>\n<p>Menaxher i Projekteve n\u00eb HANDIKOS, Durim Gashi, p\u00ebr Radio KFOR-in tregoi se kjo dit\u00eb sh\u00ebnohet edhe n\u00eb Kosov\u00eb: <em>\u201cK\u00ebt\u00eb vit, ne e kemi nj\u00eb kampanj\u00eb \u201cShkolla hap\u00eb dyert e bot\u00ebs\u201d, e cila ka p\u00ebr q\u00ebllim ngritjen e vet\u00ebdijes t\u00eb politik\u00eb- b\u00ebr\u00ebsve p\u00ebr p\u00ebrfshirjen e f\u00ebmij\u00ebve me aft\u00ebsi t\u00eb kufizuara n\u00eb t\u00eb gjitha shkollat. Sot do t\u00eb realizojm\u00eb dy konferenca si dhe do t\u00eb b\u00ebjm\u00eb lansimin e nj\u00eb instalacioni n\u00eb sheshin e Prishtin\u00ebs, i cili \u00ebsht\u00eb n\u00eb kuad\u00ebr t\u00eb kampanj\u00ebs. Duke u zotuar p\u00ebr p\u00ebrkrahje, t\u00eb ftuarit do t\u00eb ken\u00eb mund\u00ebsi t\u00eb n\u00ebnshkruajn\u00eb platform\u00ebn, e cila do t\u00eb jet\u00eb e vendosur n\u00eb shesh p\u00ebr pes\u00eb dit\u00eb me radh\u00eb.\u201d<\/em><\/p>\n<p>Slogani i Kombeve t\u00eb Bashkuara p\u00ebr vitin 2020 \u00ebsht\u00eb: \u201cNd\u00ebrtimi i Kthimit m\u00eb t\u00eb Mir\u00eb: drejt nj\u00eb bote gjith\u00ebp\u00ebrfshir\u00ebse, t\u00eb arritshme dhe t\u00eb q\u00ebndrueshme pas COVID-19\u201d, e cila n\u00ebnvizon r\u00ebnd\u00ebsin\u00eb e nxitjes s\u00eb nj\u00eb kulture gjith\u00ebp\u00ebrfshir\u00ebse dhe p\u00ebrgjigjen ndaj nevojave urgjente t\u00eb personave me aft\u00ebsi t\u00eb kufizuara n\u00eb t\u00eb gjitha aspektet e shoq\u00ebris\u00eb, ve\u00e7an\u00ebrisht gjat\u00eb pandemis\u00eb COVID-19.<\/p>\n","protected":false},"excerpt":{"rendered":"<p>Asambleja e P\u00ebrgjithshme e Kombeve t\u00eb Bashkuara, n\u00eb vitin 1992, shpalli 3 dhjetorin \u201cDit\u00eb Nd\u00ebrkomb\u00ebtare t\u00eb Personave me Aft\u00ebsi t\u00eb Kufizuara\u201d, me q\u00ebllim t\u00eb promovimit t\u00eb t\u00eb drejtave t\u00eb personave me aft\u00ebsi t\u00eb kufizuar dhe n\u00eb m\u00ebnyr\u00eb q\u00eb edhe ata t\u00eb p\u00ebrfshihen n\u00eb jet\u00ebn politike, sociale, ekonomike dhe kulturore. Menaxher i Projekteve n\u00eb HANDIKOS, Durim&hellip;<\/p>\n","protected":false},"author":3,"featured_media":55886,"comment_status":"closed","ping_status":"closed","sticky":false,"template":"","format":"standard","meta":{"_monsterinsights_skip_tracking":false,"_monsterinsights_sitenote_active":false,"_monsterinsights_sitenote_note":"","_monsterinsights_sitenote_category":0,"footnotes":""},"categories":[2],"tags":[],"class_list":["post-55884","post","type-post","status-publish","format-standard","has-post-thumbnail","hentry","category-news","category-2","description-off"],"_links":{"self":[{"href":"https:\/\/radiokfor.com\/1\/wp-json\/wp\/v2\/posts\/55884","targetHints":{"allow":["GET"]}}],"collection":[{"href":"https:\/\/radiokfor.com\/1\/wp-json\/wp\/v2\/posts"}],"about":[{"href":"https:\/\/radiokfor.com\/1\/wp-json\/wp\/v2\/types\/post"}],"author":[{"embeddable":true,"href":"https:\/\/radiokfor.com\/1\/wp-json\/wp\/v2\/users\/3"}],"replies":[{"embeddable":true,"href":"https:\/\/radiokfor.com\/1\/wp-json\/wp\/v2\/comments?post=55884"}],"version-history":[{"count":1,"href":"https:\/\/radiokfor.com\/1\/wp-json\/wp\/v2\/posts\/55884\/revisions"}],"predecessor-version":[{"id":55887,"href":"https:\/\/radiokfor.com\/1\/wp-json\/wp\/v2\/posts\/55884\/revisions\/55887"}],"wp:featuredmedia":[{"embeddable":true,"href":"https:\/\/radiokfor.com\/1\/wp-json\/wp\/v2\/media\/55886"}],"wp:attachment":[{"href":"https:\/\/radiokfor.com\/1\/wp-json\/wp\/v2\/media?parent=55884"}],"wp:term":[{"taxonomy":"category","embeddable":true,"href":"https:\/\/radiokfor.com\/1\/wp-json\/wp\/v2\/categories?post=55884"},{"taxonomy":"post_tag","embeddable":true,"href":"https:\/\/radiokfor.com\/1\/wp-json\/wp\/v2\/tags?post=55884"}],"curies":[{"name":"wp","href":"https:\/\/api.w.org\/{rel}","templated":true}]}}