{"id":55869,"date":"2020-12-02T06:08:30","date_gmt":"2020-12-02T06:08:30","guid":{"rendered":"http:\/\/radiokfor.com\/1\/?p=55869"},"modified":"2020-12-01T23:07:52","modified_gmt":"2020-12-01T23:07:52","slug":"nis-fushata-pergatite-dhuraten-vete-jep-dashni-per-dike-qe-se-pret","status":"publish","type":"post","link":"https:\/\/radiokfor.com\/1\/nis-fushata-pergatite-dhuraten-vete-jep-dashni-per-dike-qe-se-pret\/","title":{"rendered":"Nis fushata \u201cP\u00ebrgatite dhurat\u00ebn vet\u00eb, jep dashni p\u00ebr dik\u00eb q\u00eb s\u2019e pret\u201d"},"content":{"rendered":"<p>Dhjetori \u00ebsht\u00eb muaji gjat\u00eb t\u00eb cilit realizohen iniciativa t\u00eb ndryshme humanitare dhe vullnetare, p\u00ebr t\u2019ju dal\u00eb n\u00eb ndihm\u00eb atyre q\u00eb m\u00eb s\u00eb shumti kan\u00eb nevoj\u00eb, n\u00eb m\u00ebnyr\u00eb q\u00eb tu sjellin buz\u00ebqeshje n\u00eb prag t\u00eb festave t\u00eb fundvitit. Edhe n\u00eb Kosov\u00eb, gjat\u00eb t\u00ebr\u00eb k\u00ebtij muaji realizohen iniciativa t\u00eb tilla \u00e7do vit, e posa\u00e7\u00ebrisht tani n\u00eb koh\u00eb pandemie, kur edhe \u00ebsht\u00eb rritur numri i atyre q\u00eb kan\u00eb nevoj\u00eb p\u00ebr ndihm\u00eb.<\/p>\n<p>Edhe k\u00ebt\u00eb vit, organizata joqeveritare \u201cN\u00ebna dhe F\u00ebmij\u00eb t\u00eb Lumtur\u201d do t\u00eb organizoj\u00eb fushat\u00ebn \u201cP\u00ebrgatite dhurat\u00ebn vet\u00eb, jep dashni p\u00ebr dik\u00eb q\u00eb s\u2019e pret\u201d, p\u00ebr t\u00eb pest\u00ebn her\u00eb me radh\u00eb. Radio KFOR-i ka intervistuar drejtoresh\u00ebn e k\u00ebsaj organizate, Znj. Edita Dula, e cila u ka b\u00ebr\u00eb thirrje t\u00eb gjith\u00ebve q\u00eb t\u00eb b\u00ebhen pjes\u00eb e k\u00ebsaj fushate, duke ndihmuar njer\u00ebzit n\u00eb nevoj\u00eb: <em>\u201cN\u00eb kuad\u00ebr t\u00eb k\u00ebsaj fushate, grumbullojm\u00eb dhurata p\u00ebr f\u00ebmij\u00ebt e familjeve n\u00eb nevoj\u00eb, p\u00ebr t\u00eb gjitha ato familje q\u00eb jan\u00eb t\u00eb regjistruara n\u00eb organizat\u00ebn ton\u00eb tashm\u00eb. Numri \u00ebsht\u00eb shum\u00eb i madh, jan\u00eb diku 700 familje t\u00eb regjistruara, ku nj\u00eb num\u00ebr i madh prej tyre jan\u00eb n\u00ebna t\u00eb vetme, t\u00eb cilat i ve\u00e7ojm\u00eb dhe me t\u00eb cilat fillojm\u00eb t\u00eb shp\u00ebrndajm\u00eb dhuratat. Numri i f\u00ebmij\u00ebve po ashtu \u00ebsht\u00eb shum\u00eb i madh edhe presim me dhuru sa m\u00eb shum\u00eb dhurata, sepse e kemi shum\u00eb v\u00ebshtir\u00eb me i nda f\u00ebmij\u00ebt. Po k\u00ebrkojm\u00eb shum\u00eb njer\u00ebz t\u00eb vullnetit t\u00eb mir\u00eb, q\u00eb t\u00eb p\u00ebrgatisin nj\u00eb dhurat\u00eb, sepse nuk \u00ebsht\u00eb aq e v\u00ebshtir\u00eb, munden me p\u00ebrgatit madje edhe n\u00eb sht\u00ebpi. Dhurat\u00ebn duhet ta p\u00ebrgatisin n\u00eb kuti t\u00eb k\u00ebpuc\u00ebve, n\u00eb m\u00ebnyr\u00eb q\u00eb me qen\u00eb e nj\u00ebjt\u00eb p\u00ebr t\u00eb gjith\u00eb f\u00ebmij\u00ebt, ku munden me vendos gj\u00ebra ushqimore, ndonj\u00eb lod\u00ebr, laps apo fletore.\u201d <\/em><\/p>\n<p>Znj. Dula, tutje ka b\u00ebr\u00eb t\u00eb ditur se fushata do t\u00eb zgjas\u00eb deri m\u00eb 25 dhjetor, n\u00eb m\u00ebnyr\u00eb q\u00eb pastaj t\u00eb ken\u00eb koh\u00eb t\u00eb mjaftueshme p\u00ebr t\u2019i shp\u00ebrndar\u00eb k\u00ebto dhurata: <em>\u201cF\u00ebmij\u00ebt i presin dhuratat me shum\u00eb dashni. Ata jan\u00eb f\u00ebmij\u00eb t\u00eb familjeve n\u00eb nevoj\u00eb. Kjo \u00ebsht\u00eb ndjenj\u00eb q\u00eb nuk p\u00ebrshkruhet me fjal\u00eb, pa e par\u00eb g\u00ebzimin n\u00eb fytyr\u00eb t\u00eb f\u00ebmij\u00ebve kur i marrin k\u00ebto dhurata. I ftoj njer\u00ebzit e vullnetit t\u00eb mir\u00eb q\u00eb p\u00ebrve\u00e7 ndihm\u00ebs n\u00eb k\u00ebt\u00eb fushat\u00eb, t\u00eb ndihmojn\u00eb vazhdimisht, sepse \u00ebsht\u00eb leht\u00eb me heq di\u00e7ka nga vetja, p\u00ebr me g\u00ebzu dik\u00eb.\u201d <\/em><\/p>\n","protected":false},"excerpt":{"rendered":"<p>Dhjetori \u00ebsht\u00eb muaji gjat\u00eb t\u00eb cilit realizohen iniciativa t\u00eb ndryshme humanitare dhe vullnetare, p\u00ebr t\u2019ju dal\u00eb n\u00eb ndihm\u00eb atyre q\u00eb m\u00eb s\u00eb shumti kan\u00eb nevoj\u00eb, n\u00eb m\u00ebnyr\u00eb q\u00eb tu sjellin buz\u00ebqeshje n\u00eb prag t\u00eb festave t\u00eb fundvitit. Edhe n\u00eb Kosov\u00eb, gjat\u00eb t\u00ebr\u00eb k\u00ebtij muaji realizohen iniciativa t\u00eb tilla \u00e7do vit, e posa\u00e7\u00ebrisht tani n\u00eb koh\u00eb&hellip;<\/p>\n","protected":false},"author":3,"featured_media":55870,"comment_status":"closed","ping_status":"closed","sticky":false,"template":"","format":"standard","meta":{"_monsterinsights_skip_tracking":false,"_monsterinsights_sitenote_active":false,"_monsterinsights_sitenote_note":"","_monsterinsights_sitenote_category":0,"footnotes":""},"categories":[2],"tags":[],"class_list":["post-55869","post","type-post","status-publish","format-standard","has-post-thumbnail","hentry","category-news","category-2","description-off"],"_links":{"self":[{"href":"https:\/\/radiokfor.com\/1\/wp-json\/wp\/v2\/posts\/55869","targetHints":{"allow":["GET"]}}],"collection":[{"href":"https:\/\/radiokfor.com\/1\/wp-json\/wp\/v2\/posts"}],"about":[{"href":"https:\/\/radiokfor.com\/1\/wp-json\/wp\/v2\/types\/post"}],"author":[{"embeddable":true,"href":"https:\/\/radiokfor.com\/1\/wp-json\/wp\/v2\/users\/3"}],"replies":[{"embeddable":true,"href":"https:\/\/radiokfor.com\/1\/wp-json\/wp\/v2\/comments?post=55869"}],"version-history":[{"count":1,"href":"https:\/\/radiokfor.com\/1\/wp-json\/wp\/v2\/posts\/55869\/revisions"}],"predecessor-version":[{"id":55871,"href":"https:\/\/radiokfor.com\/1\/wp-json\/wp\/v2\/posts\/55869\/revisions\/55871"}],"wp:featuredmedia":[{"embeddable":true,"href":"https:\/\/radiokfor.com\/1\/wp-json\/wp\/v2\/media\/55870"}],"wp:attachment":[{"href":"https:\/\/radiokfor.com\/1\/wp-json\/wp\/v2\/media?parent=55869"}],"wp:term":[{"taxonomy":"category","embeddable":true,"href":"https:\/\/radiokfor.com\/1\/wp-json\/wp\/v2\/categories?post=55869"},{"taxonomy":"post_tag","embeddable":true,"href":"https:\/\/radiokfor.com\/1\/wp-json\/wp\/v2\/tags?post=55869"}],"curies":[{"name":"wp","href":"https:\/\/api.w.org\/{rel}","templated":true}]}}