{"id":55544,"date":"2020-11-12T09:52:15","date_gmt":"2020-11-12T09:52:15","guid":{"rendered":"http:\/\/radiokfor.com\/1\/?p=55544"},"modified":"2020-11-12T09:52:15","modified_gmt":"2020-11-12T09:52:15","slug":"baleti-kombetar-i-kosoves-risjell-shfaqjen-recomposed","status":"publish","type":"post","link":"https:\/\/radiokfor.com\/1\/baleti-kombetar-i-kosoves-risjell-shfaqjen-recomposed\/","title":{"rendered":"Baleti Komb\u00ebtar i Kosov\u00ebs risjell shfaqjen \u2018Recomposed\u2019"},"content":{"rendered":"<p>Sot (12 n\u00ebntor), duke filluar nga ora 20:00, Baleti Komb\u00ebtar i Kosov\u00ebs do t\u00eb rishfaq\u00eb shfaqjen e baletit \u2018Recomposed\u2019.<\/p>\n<p>N\u00eb lidhje me k\u00ebt\u00eb shfaqje, Radio KFOR-i ka kontaktuar ushtruesin e detyr\u00ebs s\u00eb Drejtorit t\u00eb Baletit Komb\u00ebtar t\u00eb Kosov\u00ebs, Kreshnik Musollin, i cili tha: <em>\u201cShfaqja \u2018Recomposed\u2019, e ka pasur premier\u00ebn n\u00eb vitin 2016 dhe \u00ebsht\u00eb punuar nga dy koreograf\u00eb francez\u00eb, Christophe B\u00e9ranger dhe Jonathan Pranlas-Decsours. Ka qen\u00eb nj\u00eb bashk\u00ebpunim i suksessh\u00ebm, sepse edhe tani, m\u00eb 2020 e reprizojm\u00eb dhe publiku ka interesim t\u00eb hatash\u00ebm p\u00ebr k\u00ebt\u00eb shfaqje. Do t\u00eb jet\u00eb shfaqje reale, me publik n\u00eb sall\u00eb. Nuk e dim\u00eb n\u00ebse do t\u00eb ket\u00eb ndonj\u00eb ndryshim nga masat e Qeveris\u00eb. Kushdo q\u00eb \u00ebsht\u00eb i interesuar t\u00eb shoh k\u00ebt\u00eb shfaqje nga Baleti i Kosov\u00eb, ju ftoj q\u00eb t\u00eb vini nes\u00ebr n\u00eb Teatrin Komb\u00ebtar dhe t\u00eb shijoni at\u00eb.\u201d<br \/>\n<\/em>Zot\u00ebri Musolli, po ashtu ka njoftuar se biletat p\u00ebr k\u00ebt\u00eb shfaqje do t\u00eb jen\u00eb gratis p\u00ebr t\u00eb gjith\u00eb t\u00eb interesuarit.<\/p>\n","protected":false},"excerpt":{"rendered":"<p>Sot (12 n\u00ebntor), duke filluar nga ora 20:00, Baleti Komb\u00ebtar i Kosov\u00ebs do t\u00eb rishfaq\u00eb shfaqjen e baletit \u2018Recomposed\u2019. N\u00eb lidhje me k\u00ebt\u00eb shfaqje, Radio KFOR-i ka kontaktuar ushtruesin e detyr\u00ebs s\u00eb Drejtorit t\u00eb Baletit Komb\u00ebtar t\u00eb Kosov\u00ebs, Kreshnik Musollin, i cili tha: \u201cShfaqja \u2018Recomposed\u2019, e ka pasur premier\u00ebn n\u00eb vitin 2016 dhe \u00ebsht\u00eb punuar&hellip;<\/p>\n","protected":false},"author":3,"featured_media":55545,"comment_status":"closed","ping_status":"closed","sticky":false,"template":"","format":"standard","meta":{"_monsterinsights_skip_tracking":false,"_monsterinsights_sitenote_active":false,"_monsterinsights_sitenote_note":"","_monsterinsights_sitenote_category":0,"footnotes":""},"categories":[2],"tags":[],"class_list":["post-55544","post","type-post","status-publish","format-standard","has-post-thumbnail","hentry","category-news","category-2","description-off"],"_links":{"self":[{"href":"https:\/\/radiokfor.com\/1\/wp-json\/wp\/v2\/posts\/55544","targetHints":{"allow":["GET"]}}],"collection":[{"href":"https:\/\/radiokfor.com\/1\/wp-json\/wp\/v2\/posts"}],"about":[{"href":"https:\/\/radiokfor.com\/1\/wp-json\/wp\/v2\/types\/post"}],"author":[{"embeddable":true,"href":"https:\/\/radiokfor.com\/1\/wp-json\/wp\/v2\/users\/3"}],"replies":[{"embeddable":true,"href":"https:\/\/radiokfor.com\/1\/wp-json\/wp\/v2\/comments?post=55544"}],"version-history":[{"count":1,"href":"https:\/\/radiokfor.com\/1\/wp-json\/wp\/v2\/posts\/55544\/revisions"}],"predecessor-version":[{"id":55546,"href":"https:\/\/radiokfor.com\/1\/wp-json\/wp\/v2\/posts\/55544\/revisions\/55546"}],"wp:featuredmedia":[{"embeddable":true,"href":"https:\/\/radiokfor.com\/1\/wp-json\/wp\/v2\/media\/55545"}],"wp:attachment":[{"href":"https:\/\/radiokfor.com\/1\/wp-json\/wp\/v2\/media?parent=55544"}],"wp:term":[{"taxonomy":"category","embeddable":true,"href":"https:\/\/radiokfor.com\/1\/wp-json\/wp\/v2\/categories?post=55544"},{"taxonomy":"post_tag","embeddable":true,"href":"https:\/\/radiokfor.com\/1\/wp-json\/wp\/v2\/tags?post=55544"}],"curies":[{"name":"wp","href":"https:\/\/api.w.org\/{rel}","templated":true}]}}