{"id":55309,"date":"2020-10-29T12:37:41","date_gmt":"2020-10-29T12:37:41","guid":{"rendered":"http:\/\/radiokfor.com\/1\/?p=55309"},"modified":"2020-10-29T12:37:41","modified_gmt":"2020-10-29T12:37:41","slug":"neser-hapet-ekspozita-dhuna-nuk%e2%80%affshehet%e2%80%afmrena-mureve%e2%80%af","status":"publish","type":"post","link":"https:\/\/radiokfor.com\/1\/neser-hapet-ekspozita-dhuna-nuk%e2%80%affshehet%e2%80%afmrena-mureve%e2%80%af\/","title":{"rendered":"Nes\u00ebr hapet ekspozita \u201cDhuna nuk\u202ffshehet\u202fmrena mureve\u201d\u202f"},"content":{"rendered":"<p>Rrjeti i Grave t\u00eb Kosov\u00ebs (RrGK) nes\u00ebr (30.10.20), nga ora 10:00 deri n\u00eb or\u00ebn 16:00, organizon hapjen e ekspozit\u00ebs \u201cDhuna nuk fshehet mrena mureve\u201d, n\u00eb sheshin Sk\u00ebnderbeu, para Teatrit Komb\u00ebtar n\u00eb Prishtin\u00eb.<\/p>\n<p>Kjo ekspozit\u00eb ka p\u00ebr q\u00ebllim t\u00eb ngris\u00eb vet\u00ebdijen e qytetar\u00ebve t\u00eb Kosov\u00ebs n\u00eb lidhje me dhun\u00ebn n\u00eb familje dhe p\u00ebr t\u2019i njoftuar ata p\u00ebr s\u00eb af\u00ebrmi me p\u00ebrgjegj\u00ebsit\u00eb q\u00eb institucione t\u00eb ndryshme qeveritare dhe jo-qeveritare kan\u00eb ndaj tyre, p\u00ebr mbrojtje nga dhuna n\u00eb familje. Kjo ngjarje do t\u00eb mbahet duke respektuar masat anti-covid, me maska, dezinfektues dhe duke mos lejuar grumbullimin e m\u00eb shum\u00eb se pes\u00eb personave.<\/p>\n<p>Ekspozita n\u00eb fjal\u00eb p\u00ebrkrahet nga Bashkimi Evropian (BE) p\u00ebrmes UN Women (Women#EVAW) dhe Agjencioni Austriak p\u00ebr Zhvillim (ADA).<\/p>\n","protected":false},"excerpt":{"rendered":"<p>Rrjeti i Grave t\u00eb Kosov\u00ebs (RrGK) nes\u00ebr (30.10.20), nga ora 10:00 deri n\u00eb or\u00ebn 16:00, organizon hapjen e ekspozit\u00ebs \u201cDhuna nuk fshehet mrena mureve\u201d, n\u00eb sheshin Sk\u00ebnderbeu, para Teatrit Komb\u00ebtar n\u00eb Prishtin\u00eb. Kjo ekspozit\u00eb ka p\u00ebr q\u00ebllim t\u00eb ngris\u00eb vet\u00ebdijen e qytetar\u00ebve t\u00eb Kosov\u00ebs n\u00eb lidhje me dhun\u00ebn n\u00eb familje dhe p\u00ebr t\u2019i njoftuar ata&hellip;<\/p>\n","protected":false},"author":3,"featured_media":55310,"comment_status":"closed","ping_status":"closed","sticky":false,"template":"","format":"standard","meta":{"_monsterinsights_skip_tracking":false,"_monsterinsights_sitenote_active":false,"_monsterinsights_sitenote_note":"","_monsterinsights_sitenote_category":0,"footnotes":""},"categories":[2],"tags":[],"class_list":["post-55309","post","type-post","status-publish","format-standard","has-post-thumbnail","hentry","category-news","category-2","description-off"],"_links":{"self":[{"href":"https:\/\/radiokfor.com\/1\/wp-json\/wp\/v2\/posts\/55309","targetHints":{"allow":["GET"]}}],"collection":[{"href":"https:\/\/radiokfor.com\/1\/wp-json\/wp\/v2\/posts"}],"about":[{"href":"https:\/\/radiokfor.com\/1\/wp-json\/wp\/v2\/types\/post"}],"author":[{"embeddable":true,"href":"https:\/\/radiokfor.com\/1\/wp-json\/wp\/v2\/users\/3"}],"replies":[{"embeddable":true,"href":"https:\/\/radiokfor.com\/1\/wp-json\/wp\/v2\/comments?post=55309"}],"version-history":[{"count":1,"href":"https:\/\/radiokfor.com\/1\/wp-json\/wp\/v2\/posts\/55309\/revisions"}],"predecessor-version":[{"id":55311,"href":"https:\/\/radiokfor.com\/1\/wp-json\/wp\/v2\/posts\/55309\/revisions\/55311"}],"wp:featuredmedia":[{"embeddable":true,"href":"https:\/\/radiokfor.com\/1\/wp-json\/wp\/v2\/media\/55310"}],"wp:attachment":[{"href":"https:\/\/radiokfor.com\/1\/wp-json\/wp\/v2\/media?parent=55309"}],"wp:term":[{"taxonomy":"category","embeddable":true,"href":"https:\/\/radiokfor.com\/1\/wp-json\/wp\/v2\/categories?post=55309"},{"taxonomy":"post_tag","embeddable":true,"href":"https:\/\/radiokfor.com\/1\/wp-json\/wp\/v2\/tags?post=55309"}],"curies":[{"name":"wp","href":"https:\/\/api.w.org\/{rel}","templated":true}]}}