{"id":55145,"date":"2020-10-19T09:44:06","date_gmt":"2020-10-19T09:44:06","guid":{"rendered":"http:\/\/radiokfor.com\/1\/?p=55145"},"modified":"2020-10-19T09:44:06","modified_gmt":"2020-10-19T09:44:06","slug":"sot-fillon-prifest-online-edicioni-i-12-te-me-radhe","status":"publish","type":"post","link":"https:\/\/radiokfor.com\/1\/sot-fillon-prifest-online-edicioni-i-12-te-me-radhe\/","title":{"rendered":"Sot fillon \u201cPriFest Online\u201d, edicioni i 12-t\u00eb me radh\u00eb"},"content":{"rendered":"<p>Festivali Nd\u00ebrkomb\u00ebtar i Filmit \u2018PriFest Online\u2019, do t\u00eb hapet sot (19.10.20), n\u00eb or\u00ebn 15.30, me nj\u00eb paraqitje t\u00eb drejtp\u00ebrdrejt\u00eb \u201clivestream\u201d, ku drejtuesit e festivalit dhe t\u00eb ftuarit special\u00eb, partner\u00eb dhe sponsor\u00eb t\u00eb festivalit do t\u00eb ken\u00eb nj\u00eb fjalim p\u00ebrsh\u00ebndet\u00ebs, q\u00eb do t&#8217;i paraprij\u00eb hapjes s\u00eb platform\u00ebs s\u00eb filmit, \u00a0p\u00ebr t\u00eb sh\u00ebnuar k\u00ebshtu edicionin e 12-t\u00eb me radh\u00eb.<\/p>\n<p>Radio KFOR-i dit\u00eb m\u00eb par\u00eb ka kontaktuar drejtoresh\u00ebn e k\u00ebtij Festivali, Vjosa Berisha, e cila tha se k\u00ebt\u00eb vit, \u2018PriFEST\u2019 do t\u00eb jet\u00eb m\u00eb ndryshe: <em>\u201cNe kemi marr\u00eb vendim q\u00eb t\u00eb organizohemi, t\u00eb mbajm\u00eb Festivalin, sepse mendojm\u00eb q\u00eb \u00ebsht\u00eb i r\u00ebnd\u00ebsish\u00ebm p\u00ebr publikun dhe \u00ebsht\u00eb e r\u00ebnd\u00ebsishme q\u00eb t\u00eb vazhdojn\u00eb aktivitetet kulturore, por me nj\u00eb kujdes shum\u00eb m\u00eb t\u00eb madh. Filmat do t\u2019i shfaqim pa pages\u00eb, si dhurat\u00eb p\u00ebr tejkalimin e k\u00ebsaj pandemie. Do t\u00eb marrim masat e duhura rekomanduese, q\u00eb t\u00eb respektohet distanca mes pjes\u00ebmarr\u00ebsve.\u201d<\/em><\/p>\n<p>Tutje, Znj. Berisha, p\u00ebrmes Radio KFOR-it u b\u00ebri thirrje qytetar\u00ebve nga t\u00eb gjitha etnit\u00eb n\u00eb Kosov\u00eb, q\u00eb t\u00eb marrin pjes\u00eb n\u00eb k\u00ebt\u00eb Festival: <em>\u201cI ftojm\u00eb t\u00eb gjith\u00eb t\u00eb interesuarit q\u00eb t\u00eb vijn\u00eb t\u00eb shohin k\u00ebta filma dhe t\u00eb shijojn\u00eb Festivalin, sepse filmat jan\u00eb atraktiv\u00eb, nuk gjinden zakonisht n\u00eb kinema, por jan\u00eb filma q\u00eb udh\u00ebtojn\u00eb n\u00ebp\u00ebr festivale. Po ashtu \u2018PriFEST\u2019, programin kryesor e ka me filma t\u00eb Ballkanit, ku sjellim filma nga Maqedonia e Veriut, Serbia, Shqip\u00ebria, Bosnja dhe \u00a0Mali i Zi. <\/em><\/p>\n<p>&#8220;PriFest Online&#8221; \u00ebsht\u00eb i hapur p\u00ebr t\u00eb gjith\u00eb, nd\u00ebrsa p\u00ebr t\u00eb ndjekur jav\u00ebn e filmit p\u00ebrmes internetit dhe shfaqjen e filmave e cila \u00ebsht\u00eb falas, mund ta b\u00ebni p\u00ebrmes vegz\u00ebs: <a href=\"https:\/\/mailchi.mp\/5584\u2026\/prifest-online-linku-per-registration\">https:\/\/mailchi.mp\/5584\u2026\/prifest-online-linku-per-registration<\/a> apo vizitoni faqen e internetit t\u00eb PriFest <a href=\"http:\/\/www.prifest.org\/\">www.prifest.org<\/a><\/p>\n","protected":false},"excerpt":{"rendered":"<p>Festivali Nd\u00ebrkomb\u00ebtar i Filmit \u2018PriFest Online\u2019, do t\u00eb hapet sot (19.10.20), n\u00eb or\u00ebn 15.30, me nj\u00eb paraqitje t\u00eb drejtp\u00ebrdrejt\u00eb \u201clivestream\u201d, ku drejtuesit e festivalit dhe t\u00eb ftuarit special\u00eb, partner\u00eb dhe sponsor\u00eb t\u00eb festivalit do t\u00eb ken\u00eb nj\u00eb fjalim p\u00ebrsh\u00ebndet\u00ebs, q\u00eb do t&#8217;i paraprij\u00eb hapjes s\u00eb platform\u00ebs s\u00eb filmit, \u00a0p\u00ebr t\u00eb sh\u00ebnuar k\u00ebshtu edicionin e 12-t\u00eb&hellip;<\/p>\n","protected":false},"author":3,"featured_media":55146,"comment_status":"closed","ping_status":"closed","sticky":false,"template":"","format":"standard","meta":{"_monsterinsights_skip_tracking":false,"_monsterinsights_sitenote_active":false,"_monsterinsights_sitenote_note":"","_monsterinsights_sitenote_category":0,"footnotes":""},"categories":[2],"tags":[],"class_list":["post-55145","post","type-post","status-publish","format-standard","has-post-thumbnail","hentry","category-news","category-2","description-off"],"_links":{"self":[{"href":"https:\/\/radiokfor.com\/1\/wp-json\/wp\/v2\/posts\/55145","targetHints":{"allow":["GET"]}}],"collection":[{"href":"https:\/\/radiokfor.com\/1\/wp-json\/wp\/v2\/posts"}],"about":[{"href":"https:\/\/radiokfor.com\/1\/wp-json\/wp\/v2\/types\/post"}],"author":[{"embeddable":true,"href":"https:\/\/radiokfor.com\/1\/wp-json\/wp\/v2\/users\/3"}],"replies":[{"embeddable":true,"href":"https:\/\/radiokfor.com\/1\/wp-json\/wp\/v2\/comments?post=55145"}],"version-history":[{"count":1,"href":"https:\/\/radiokfor.com\/1\/wp-json\/wp\/v2\/posts\/55145\/revisions"}],"predecessor-version":[{"id":55147,"href":"https:\/\/radiokfor.com\/1\/wp-json\/wp\/v2\/posts\/55145\/revisions\/55147"}],"wp:featuredmedia":[{"embeddable":true,"href":"https:\/\/radiokfor.com\/1\/wp-json\/wp\/v2\/media\/55146"}],"wp:attachment":[{"href":"https:\/\/radiokfor.com\/1\/wp-json\/wp\/v2\/media?parent=55145"}],"wp:term":[{"taxonomy":"category","embeddable":true,"href":"https:\/\/radiokfor.com\/1\/wp-json\/wp\/v2\/categories?post=55145"},{"taxonomy":"post_tag","embeddable":true,"href":"https:\/\/radiokfor.com\/1\/wp-json\/wp\/v2\/tags?post=55145"}],"curies":[{"name":"wp","href":"https:\/\/api.w.org\/{rel}","templated":true}]}}