{"id":55092,"date":"2020-10-16T06:08:48","date_gmt":"2020-10-16T06:08:48","guid":{"rendered":"http:\/\/radiokfor.com\/1\/?p=55092"},"modified":"2020-10-15T14:09:23","modified_gmt":"2020-10-15T14:09:23","slug":"komf-vazhdon-me-fushaten-komuna-ime-e-drejta-ime-sociale","status":"publish","type":"post","link":"https:\/\/radiokfor.com\/1\/komf-vazhdon-me-fushaten-komuna-ime-e-drejta-ime-sociale\/","title":{"rendered":"KOMF vazhdon me fushat\u00ebn \u2018Komuna ime, e drejta ime sociale\u2019"},"content":{"rendered":"<p>Koalicioni i OJQ\u2013ve p\u00ebr Mbrojtjen e F\u00ebmij\u00ebve n\u00eb Kosov\u00eb \u2013 KOMF, po vazhdon me fushat\u00ebn nacionale \u2018Komuna ime, e drejta ime sociale\u2019, t\u00eb cil\u00ebn e ka nisur m\u00eb 12 tetor, 2020.<\/p>\n<p>Specialistja p\u00ebr monitorim dhe hulumtim n\u00eb KOMF, Bukurez\u00eb Surdulli, p\u00ebr Radio KFOR-in tha se kjo fushat\u00eb ka p\u00ebr q\u00ebllim vet\u00ebdijesimin e m\u00ebtejsh\u00ebm dhe mobilizimin e vendimmarr\u00ebsve p\u00ebr nd\u00ebrhyrje emergjente n\u00eb sigurimin e sh\u00ebrbimeve sociale p\u00ebr qytetar\u00ebt n\u00eb nevoj\u00eb dhe shtoi: <em>\u201cKjo fushat\u00eb ka ardhur pas publikimit t\u00eb Raportit t\u00eb Monitorimit, ku KOMF ka pasqyruar gjendjen tejet t\u00eb r\u00ebnduar t\u00eb sh\u00ebrbimeve sociale n\u00eb vend. N\u00eb munges\u00eb t\u00eb financimit t\u00eb q\u00ebndruesh\u00ebm, shum\u00eb sh\u00ebrbime sociale jan\u00eb mbyllur tashm\u00eb apo jan\u00eb n\u00eb prag t\u00eb mbylljes. P\u00ebr pasoj\u00eb shum\u00eb f\u00ebmij\u00eb dhe qytetar\u00eb t\u00eb cenuesh\u00ebm po mbesin pa sh\u00ebrbimet e domosdoshme p\u00ebr zhvillimin dhe mir\u00ebqenien e tyre. P\u00ebrmes k\u00ebsaj fushate, KOMF synon t\u00eb p\u00ebr\u00e7oj\u00eb rekomandimet e raportit t\u00eb monitorimit drejt vendimmarr\u00ebsve dhe institucioneve me q\u00ebllim vendosjen prioritet dhe investimin n\u00eb zhvillimin e sh\u00ebrbimeve sociale. KOMF konsideron se p\u00ebrballja me pandemin\u00eb \u2018Covid\u201319\u2019, v\u00ebrteton edhe m\u00eb shum\u00eb nevoj\u00ebn p\u00ebr nd\u00ebrhyrje emergjente n\u00eb ofrimin e sh\u00ebrbimeve sociale p\u00ebr qytetar\u00ebt n\u00eb nevoj\u00eb p\u00ebr sh\u00ebrbime sociale\u201d. <\/em><\/p>\n<p>N\u00eb kuad\u00ebr t\u00eb k\u00ebsaj fushat\u00eb, KOMF ka vendosur n\u00eb sheshet e Prishtin\u00ebs nj\u00eb simbol q\u00eb paraqet p\u00ebrgjegj\u00ebsin\u00eb dhe detyrimin institucional p\u00ebr sigurim t\u00eb mir\u00ebqenies sociale p\u00ebr t\u00eb gjith\u00eb. Po ashtu, \u00ebsht\u00eb b\u00ebr\u00eb e ditur se me q\u00ebllim t\u00eb p\u00ebrmir\u00ebsimit t\u00eb sh\u00ebrbimeve sociale, KOMF \u00ebsht\u00eb duke mb\u00ebshtetur hartimin e Ligjit t\u00eb ri p\u00ebr Sh\u00ebrbime Sociale.<\/p>\n","protected":false},"excerpt":{"rendered":"<p>Koalicioni i OJQ\u2013ve p\u00ebr Mbrojtjen e F\u00ebmij\u00ebve n\u00eb Kosov\u00eb \u2013 KOMF, po vazhdon me fushat\u00ebn nacionale \u2018Komuna ime, e drejta ime sociale\u2019, t\u00eb cil\u00ebn e ka nisur m\u00eb 12 tetor, 2020. Specialistja p\u00ebr monitorim dhe hulumtim n\u00eb KOMF, Bukurez\u00eb Surdulli, p\u00ebr Radio KFOR-in tha se kjo fushat\u00eb ka p\u00ebr q\u00ebllim vet\u00ebdijesimin e m\u00ebtejsh\u00ebm dhe mobilizimin&hellip;<\/p>\n","protected":false},"author":3,"featured_media":55093,"comment_status":"closed","ping_status":"closed","sticky":false,"template":"","format":"standard","meta":{"_monsterinsights_skip_tracking":false,"_monsterinsights_sitenote_active":false,"_monsterinsights_sitenote_note":"","_monsterinsights_sitenote_category":0,"footnotes":""},"categories":[2],"tags":[],"class_list":["post-55092","post","type-post","status-publish","format-standard","has-post-thumbnail","hentry","category-news","category-2","description-off"],"_links":{"self":[{"href":"https:\/\/radiokfor.com\/1\/wp-json\/wp\/v2\/posts\/55092","targetHints":{"allow":["GET"]}}],"collection":[{"href":"https:\/\/radiokfor.com\/1\/wp-json\/wp\/v2\/posts"}],"about":[{"href":"https:\/\/radiokfor.com\/1\/wp-json\/wp\/v2\/types\/post"}],"author":[{"embeddable":true,"href":"https:\/\/radiokfor.com\/1\/wp-json\/wp\/v2\/users\/3"}],"replies":[{"embeddable":true,"href":"https:\/\/radiokfor.com\/1\/wp-json\/wp\/v2\/comments?post=55092"}],"version-history":[{"count":1,"href":"https:\/\/radiokfor.com\/1\/wp-json\/wp\/v2\/posts\/55092\/revisions"}],"predecessor-version":[{"id":55094,"href":"https:\/\/radiokfor.com\/1\/wp-json\/wp\/v2\/posts\/55092\/revisions\/55094"}],"wp:featuredmedia":[{"embeddable":true,"href":"https:\/\/radiokfor.com\/1\/wp-json\/wp\/v2\/media\/55093"}],"wp:attachment":[{"href":"https:\/\/radiokfor.com\/1\/wp-json\/wp\/v2\/media?parent=55092"}],"wp:term":[{"taxonomy":"category","embeddable":true,"href":"https:\/\/radiokfor.com\/1\/wp-json\/wp\/v2\/categories?post=55092"},{"taxonomy":"post_tag","embeddable":true,"href":"https:\/\/radiokfor.com\/1\/wp-json\/wp\/v2\/tags?post=55092"}],"curies":[{"name":"wp","href":"https:\/\/api.w.org\/{rel}","templated":true}]}}