{"id":54819,"date":"2020-09-30T11:35:16","date_gmt":"2020-09-30T11:35:16","guid":{"rendered":"http:\/\/radiokfor.com\/1\/?p=54819"},"modified":"2020-09-30T11:35:16","modified_gmt":"2020-09-30T11:35:16","slug":"sot-permbyllet-java-evropiane-e-sportit","status":"publish","type":"post","link":"https:\/\/radiokfor.com\/1\/sot-permbyllet-java-evropiane-e-sportit\/","title":{"rendered":"Sot p\u00ebrmbyllet \u2018Java Evropiane e Sportit\u2019"},"content":{"rendered":"<p>\u2018Streetball Tournament\u2019, i cili planifikohet t\u00eb mbahet sot, nga ora 18:00, do t\u00eb jet\u00eb nj\u00eb nga aktivitetet e fundit q\u00eb do t\u00eb organizohet n\u00eb kuad\u00ebr t\u00eb \u2018Jav\u00ebs Evropiane t\u00eb Sportit\u2019, n\u00eb Kosov\u00eb. Kjo pasi kjo jav\u00eb, e cila ka nisur m\u00eb 23 shtator, do t\u00eb p\u00ebrmbyllet pik\u00ebrisht sot, m\u00eb 30 shtator.<\/p>\n<p>Sekretari i p\u00ebrgjithsh\u00ebm n\u00eb Ministrin\u00eb p\u00ebr Kultur\u00eb, Rini dhe Sport, Ib\u00ebr Alaj, p\u00ebrmes Radio KFOR-it ka fal\u00ebnderuar Komitetin Olimpik t\u00eb Kosov\u00ebs dhe federatat p\u00ebrkat\u00ebse p\u00ebr ndihm\u00ebn e ofruar n\u00eb organizimin e aktiviteteve gjat\u00eb k\u00ebsaj jave: <em>\u201cJemi n\u00eb vazhd\u00ebn e p\u00ebrfundimit, sepse sot p\u00ebrmbyllet ky cik\u00ebl disa ditor i mbajtjes s\u00eb \u2018Jav\u00ebs Evropiane t\u00eb Sportit\u2019, e cila organizohet me mb\u00ebshtetjen e Komisionit Evropian dhe kjo n\u00ebnkupton q\u00eb ne po e promovojm\u00eb sportin. Mendojm\u00eb q\u00eb organizimi i k\u00ebsaj jave ka pasur impakt shum\u00eb t\u00eb madh duke e ditur q\u00eb po kalojm\u00eb n\u00eb nj\u00eb periudh\u00eb pandemike dhe qytetar\u00ebt, sportist\u00ebt dhe f\u00ebmij\u00ebt kan\u00eb pasur disa aktivitete, t\u00eb cilat jan\u00eb organizuar gjat\u00eb k\u00ebtyre 7 dit\u00ebve, andaj e vler\u00ebsojm\u00eb lart pjes\u00ebmarrjen e t\u00eb gjith\u00ebve\u201d. <\/em><\/p>\n<p>\u2018Java Evropiane e Sportit\u2019 do t\u00eb p\u00ebrmbyllet me nj\u00eb ceremoni solemne, n\u00eb t\u00eb cil\u00ebn do t\u00eb marr\u00eb pjes\u00eb edhe Ministrja p\u00ebr Kultur\u00eb, Rini dhe Sport, Znj.Vlora Dumoshi.<\/p>\n","protected":false},"excerpt":{"rendered":"<p>\u2018Streetball Tournament\u2019, i cili planifikohet t\u00eb mbahet sot, nga ora 18:00, do t\u00eb jet\u00eb nj\u00eb nga aktivitetet e fundit q\u00eb do t\u00eb organizohet n\u00eb kuad\u00ebr t\u00eb \u2018Jav\u00ebs Evropiane t\u00eb Sportit\u2019, n\u00eb Kosov\u00eb. Kjo pasi kjo jav\u00eb, e cila ka nisur m\u00eb 23 shtator, do t\u00eb p\u00ebrmbyllet pik\u00ebrisht sot, m\u00eb 30 shtator. Sekretari i p\u00ebrgjithsh\u00ebm n\u00eb&hellip;<\/p>\n","protected":false},"author":3,"featured_media":54820,"comment_status":"closed","ping_status":"closed","sticky":false,"template":"","format":"standard","meta":{"_monsterinsights_skip_tracking":false,"_monsterinsights_sitenote_active":false,"_monsterinsights_sitenote_note":"","_monsterinsights_sitenote_category":0,"footnotes":""},"categories":[2],"tags":[],"class_list":["post-54819","post","type-post","status-publish","format-standard","has-post-thumbnail","hentry","category-news","category-2","description-off"],"_links":{"self":[{"href":"https:\/\/radiokfor.com\/1\/wp-json\/wp\/v2\/posts\/54819","targetHints":{"allow":["GET"]}}],"collection":[{"href":"https:\/\/radiokfor.com\/1\/wp-json\/wp\/v2\/posts"}],"about":[{"href":"https:\/\/radiokfor.com\/1\/wp-json\/wp\/v2\/types\/post"}],"author":[{"embeddable":true,"href":"https:\/\/radiokfor.com\/1\/wp-json\/wp\/v2\/users\/3"}],"replies":[{"embeddable":true,"href":"https:\/\/radiokfor.com\/1\/wp-json\/wp\/v2\/comments?post=54819"}],"version-history":[{"count":1,"href":"https:\/\/radiokfor.com\/1\/wp-json\/wp\/v2\/posts\/54819\/revisions"}],"predecessor-version":[{"id":54821,"href":"https:\/\/radiokfor.com\/1\/wp-json\/wp\/v2\/posts\/54819\/revisions\/54821"}],"wp:featuredmedia":[{"embeddable":true,"href":"https:\/\/radiokfor.com\/1\/wp-json\/wp\/v2\/media\/54820"}],"wp:attachment":[{"href":"https:\/\/radiokfor.com\/1\/wp-json\/wp\/v2\/media?parent=54819"}],"wp:term":[{"taxonomy":"category","embeddable":true,"href":"https:\/\/radiokfor.com\/1\/wp-json\/wp\/v2\/categories?post=54819"},{"taxonomy":"post_tag","embeddable":true,"href":"https:\/\/radiokfor.com\/1\/wp-json\/wp\/v2\/tags?post=54819"}],"curies":[{"name":"wp","href":"https:\/\/api.w.org\/{rel}","templated":true}]}}