{"id":54586,"date":"2020-09-15T12:17:09","date_gmt":"2020-09-15T12:17:09","guid":{"rendered":"http:\/\/radiokfor.com\/1\/?p=54586"},"modified":"2020-09-15T12:17:09","modified_gmt":"2020-09-15T12:17:09","slug":"sot-shenohet-dita-nderkombetare-e-demokracise","status":"publish","type":"post","link":"https:\/\/radiokfor.com\/1\/sot-shenohet-dita-nderkombetare-e-demokracise\/","title":{"rendered":"Sot sh\u00ebnohet \u2018Dita Nd\u00ebrkomb\u00ebtare e Demokracis\u00eb\u2019"},"content":{"rendered":"<p>15 shtatori n\u00eb kalendarin e Kombeve t\u00eb Bashkuara, i \u00ebsht\u00eb rezervuar \u2018Dit\u00ebs Nd\u00ebrkomb\u00ebtare t\u00eb Demokracis\u00eb\u2019.<\/p>\n<p>Hulumtuesja n\u00eb Institutin Demokratik t\u00eb Kosov\u00ebs (KDI), Agnesa Haxhiu, n\u00eb nj\u00eb prononcim p\u00ebr Radio KFOR-in ka treguar se p\u00ebr shkak t\u00eb pandemis\u00eb s\u00eb shkaktuar nga \u2018Covid-19\u2019, Instituti Demokratik i Kosov\u00ebs nuk do t\u00eb ket\u00eb aktivitete k\u00ebt\u00eb vit, mir\u00ebpo p\u00ebrmes nj\u00eb shkrimi dedikuar \u2018Dit\u00ebs Nd\u00ebrkomb\u00ebtare t\u00eb Demokracis\u00eb\u201d, KDI ka v\u00ebn\u00eb n\u00eb pah r\u00ebnd\u00ebsin\u00eb q\u00eb ka demokracia n\u00eb t\u00eb gjitha shoq\u00ebrit\u00eb, ku nd\u00ebr t\u00eb tjera thuhet: <em>\u201cSot sh\u00ebnohet \u2018Dita Nd\u00ebrkomb\u00ebtare e Demokracis\u00eb\u2019, dit\u00eb e cila na ofron mund\u00ebsi t\u00eb gjith\u00ebve p\u00ebr t\u00eb reflektuar mbi gjendjen e demokracis\u00eb n\u00eb vendin ton\u00eb e gjithandej n\u00eb bot\u00eb. Vlerat e liris\u00eb, respektimi i t\u00eb drejtave t\u00eb njeriut dhe mbajtja e zgjedhjeve t\u00eb rregullta e t\u00eb lira, duke garantuar t\u00eb drejt\u00ebn universale p\u00ebr t\u00eb zgjedhur dhe p\u00ebr t\u2019u zgjedhur, jan\u00eb elemente thelb\u00ebsore t\u00eb demokracis\u00eb.\u201d<\/em><\/p>\n","protected":false},"excerpt":{"rendered":"<p>15 shtatori n\u00eb kalendarin e Kombeve t\u00eb Bashkuara, i \u00ebsht\u00eb rezervuar \u2018Dit\u00ebs Nd\u00ebrkomb\u00ebtare t\u00eb Demokracis\u00eb\u2019. Hulumtuesja n\u00eb Institutin Demokratik t\u00eb Kosov\u00ebs (KDI), Agnesa Haxhiu, n\u00eb nj\u00eb prononcim p\u00ebr Radio KFOR-in ka treguar se p\u00ebr shkak t\u00eb pandemis\u00eb s\u00eb shkaktuar nga \u2018Covid-19\u2019, Instituti Demokratik i Kosov\u00ebs nuk do t\u00eb ket\u00eb aktivitete k\u00ebt\u00eb vit, mir\u00ebpo p\u00ebrmes nj\u00eb&hellip;<\/p>\n","protected":false},"author":3,"featured_media":54587,"comment_status":"closed","ping_status":"closed","sticky":false,"template":"","format":"standard","meta":{"_monsterinsights_skip_tracking":false,"_monsterinsights_sitenote_active":false,"_monsterinsights_sitenote_note":"","_monsterinsights_sitenote_category":0,"footnotes":""},"categories":[2],"tags":[],"class_list":["post-54586","post","type-post","status-publish","format-standard","has-post-thumbnail","hentry","category-news","category-2","description-off"],"_links":{"self":[{"href":"https:\/\/radiokfor.com\/1\/wp-json\/wp\/v2\/posts\/54586","targetHints":{"allow":["GET"]}}],"collection":[{"href":"https:\/\/radiokfor.com\/1\/wp-json\/wp\/v2\/posts"}],"about":[{"href":"https:\/\/radiokfor.com\/1\/wp-json\/wp\/v2\/types\/post"}],"author":[{"embeddable":true,"href":"https:\/\/radiokfor.com\/1\/wp-json\/wp\/v2\/users\/3"}],"replies":[{"embeddable":true,"href":"https:\/\/radiokfor.com\/1\/wp-json\/wp\/v2\/comments?post=54586"}],"version-history":[{"count":1,"href":"https:\/\/radiokfor.com\/1\/wp-json\/wp\/v2\/posts\/54586\/revisions"}],"predecessor-version":[{"id":54588,"href":"https:\/\/radiokfor.com\/1\/wp-json\/wp\/v2\/posts\/54586\/revisions\/54588"}],"wp:featuredmedia":[{"embeddable":true,"href":"https:\/\/radiokfor.com\/1\/wp-json\/wp\/v2\/media\/54587"}],"wp:attachment":[{"href":"https:\/\/radiokfor.com\/1\/wp-json\/wp\/v2\/media?parent=54586"}],"wp:term":[{"taxonomy":"category","embeddable":true,"href":"https:\/\/radiokfor.com\/1\/wp-json\/wp\/v2\/categories?post=54586"},{"taxonomy":"post_tag","embeddable":true,"href":"https:\/\/radiokfor.com\/1\/wp-json\/wp\/v2\/tags?post=54586"}],"curies":[{"name":"wp","href":"https:\/\/api.w.org\/{rel}","templated":true}]}}